{"id":984,"date":"2016-04-18T09:51:16","date_gmt":"2016-04-18T07:51:16","guid":{"rendered":"http:\/\/www.leshautesardennes.be\/sah\/?p=984"},"modified":"2016-04-18T09:51:16","modified_gmt":"2016-04-18T07:51:16","slug":"operation-communes-rivieres-propres-2016","status":"publish","type":"post","link":"https:\/\/www.leshautesardennes.be\/sah\/2016\/04\/18\/operation-communes-rivieres-propres-2016\/","title":{"rendered":"Op\u00e9ration \u00ab\u00a0Communes &amp; Rivi\u00e8res Propres\u00a0\u00bb 2016"},"content":{"rendered":"<p style=\"text-align: left\">Cette ann\u00e9e encore, les Rangers participent \u00e0 l&rsquo;op\u00e9ration \u00ab\u00a0Communes et Rivi\u00e8res Propres\u00a0\u00bb organis\u00e9e par la Commune de Vielsalm, Pure Province et le Contrat de Rivi\u00e8re de l&rsquo;Ambl\u00e8ve. C&rsquo;est donc \u00e0 partir de cette semaine que nos b\u00e9n\u00e9voles remettent la main \u00e0 la p\u00e2te pour relever une nouvelle fois ce d\u00e9fi!<\/p>\n<p><img loading=\"lazy\" decoding=\"async\" class=\"aligncenter size-large wp-image-989\" src=\"http:\/\/www.leshautesardennes.be\/sah\/files\/2016\/04\/communesetrivierespropres1-1024x675.jpg\" alt=\"\" width=\"640\" height=\"421\" srcset=\"https:\/\/www.leshautesardennes.be\/sah\/files\/2016\/04\/communesetrivierespropres1-1024x675.jpg 1024w, https:\/\/www.leshautesardennes.be\/sah\/files\/2016\/04\/communesetrivierespropres1-300x197.jpg 300w, https:\/\/www.leshautesardennes.be\/sah\/files\/2016\/04\/communesetrivierespropres1.jpg 1544w\" sizes=\"auto, (max-width: 640px) 100vw, 640px\" \/><\/p>\n<p style=\"text-align: left\">Inutile de pr\u00e9ciser qu&rsquo;il y a vraiment beaucoup de travail&#8230;<\/p>\n<p><a href=\"http:\/\/www.leshautesardennes.be\/sah\/files\/2016\/04\/communesetrivierespropres.21.jpg\"><img loading=\"lazy\" decoding=\"async\" class=\"alignleft size-large wp-image-990\" src=\"http:\/\/www.leshautesardennes.be\/sah\/files\/2016\/04\/communesetrivierespropres.21-1024x681.jpg\" alt=\"\" width=\"640\" height=\"425\" srcset=\"https:\/\/www.leshautesardennes.be\/sah\/files\/2016\/04\/communesetrivierespropres.21-1024x681.jpg 1024w, https:\/\/www.leshautesardennes.be\/sah\/files\/2016\/04\/communesetrivierespropres.21-300x199.jpg 300w, https:\/\/www.leshautesardennes.be\/sah\/files\/2016\/04\/communesetrivierespropres.21.jpg 1461w\" sizes=\"auto, (max-width: 640px) 100vw, 640px\" \/><\/a><\/p>\n<p>&#8230;et qu&rsquo;il faut remercier nos courageux b\u00e9n\u00e9voles pour leur implication collective!<\/p>\n<p><a href=\"http:\/\/www.leshautesardennes.be\/sah\/files\/2016\/04\/IMG_12443.jpg\"><img loading=\"lazy\" decoding=\"async\" src=\"http:\/\/www.leshautesardennes.be\/sah\/files\/2016\/04\/IMG_12443.jpg\" alt=\"\" width=\"640\" height=\"426\" \/><\/a><\/p>\n<p>Ce n&rsquo;est qu&rsquo;un d\u00e9but pour ce grand \u00e9lan de solidarit\u00e9 qui durera encore quelques jours pour les Rangers.<\/p>\n<p><a href=\"http:\/\/www.leshautesardennes.be\/sah\/files\/2016\/04\/IMG_12491.jpg\"><img loading=\"lazy\" decoding=\"async\" class=\"alignleft size-large wp-image-993\" src=\"http:\/\/www.leshautesardennes.be\/sah\/files\/2016\/04\/IMG_12491-1024x682.jpg\" alt=\"\" width=\"640\" height=\"426\" srcset=\"https:\/\/www.leshautesardennes.be\/sah\/files\/2016\/04\/IMG_12491-1024x682.jpg 1024w, https:\/\/www.leshautesardennes.be\/sah\/files\/2016\/04\/IMG_12491-300x200.jpg 300w, https:\/\/www.leshautesardennes.be\/sah\/files\/2016\/04\/IMG_12491.jpg 1306w\" sizes=\"auto, (max-width: 640px) 100vw, 640px\" \/><\/a><\/p>\n<p>&nbsp;<\/p>\n<p>&nbsp;<\/p>\n","protected":false},"excerpt":{"rendered":"<p>Cette ann\u00e9e encore, les Rangers participent \u00e0 l&rsquo;op\u00e9ration \u00ab\u00a0Communes et Rivi\u00e8res Propres\u00a0\u00bb organis\u00e9e par la Commune de Vielsalm, Pure Province et le Contrat de Rivi\u00e8re de l&rsquo;Ambl\u00e8ve. C&rsquo;est donc \u00e0 partir de cette semaine que nos b\u00e9n\u00e9voles remettent la main &hellip; <a href=\"https:\/\/www.leshautesardennes.be\/sah\/2016\/04\/18\/operation-communes-rivieres-propres-2016\/\">Continuer la lecture <span class=\"meta-nav\">&rarr;<\/span><\/a><\/p>\n","protected":false},"author":8,"featured_media":0,"comment_status":"closed","ping_status":"open","sticky":false,"template":"","format":"standard","meta":{"_acf_changed":false,"footnotes":""},"categories":[1],"tags":[],"class_list":["post-984","post","type-post","status-publish","format-standard","hentry","category-non-classe"],"acf":[],"_links":{"self":[{"href":"https:\/\/www.leshautesardennes.be\/sah\/wp-json\/wp\/v2\/posts\/984","targetHints":{"allow":["GET"]}}],"collection":[{"href":"https:\/\/www.leshautesardennes.be\/sah\/wp-json\/wp\/v2\/posts"}],"about":[{"href":"https:\/\/www.leshautesardennes.be\/sah\/wp-json\/wp\/v2\/types\/post"}],"author":[{"embeddable":true,"href":"https:\/\/www.leshautesardennes.be\/sah\/wp-json\/wp\/v2\/users\/8"}],"replies":[{"embeddable":true,"href":"https:\/\/www.leshautesardennes.be\/sah\/wp-json\/wp\/v2\/comments?post=984"}],"version-history":[{"count":7,"href":"https:\/\/www.leshautesardennes.be\/sah\/wp-json\/wp\/v2\/posts\/984\/revisions"}],"predecessor-version":[{"id":1001,"href":"https:\/\/www.leshautesardennes.be\/sah\/wp-json\/wp\/v2\/posts\/984\/revisions\/1001"}],"wp:attachment":[{"href":"https:\/\/www.leshautesardennes.be\/sah\/wp-json\/wp\/v2\/media?parent=984"}],"wp:term":[{"taxonomy":"category","embeddable":true,"href":"https:\/\/www.leshautesardennes.be\/sah\/wp-json\/wp\/v2\/categories?post=984"},{"taxonomy":"post_tag","embeddable":true,"href":"https:\/\/www.leshautesardennes.be\/sah\/wp-json\/wp\/v2\/tags?post=984"}],"curies":[{"name":"wp","href":"https:\/\/api.w.org\/{rel}","templated":true}]}}