{"id":971,"date":"2015-09-29T13:13:45","date_gmt":"2015-09-29T11:13:45","guid":{"rendered":"http:\/\/www.leshautesardennes.be\/sah\/?p=971"},"modified":"2015-09-29T13:38:25","modified_gmt":"2015-09-29T11:38:25","slug":"la-brocante-et-la-4eme-edition-du-fun-trophy","status":"publish","type":"post","link":"https:\/\/www.leshautesardennes.be\/sah\/2015\/09\/29\/la-brocante-et-la-4eme-edition-du-fun-trophy\/","title":{"rendered":"La brocante et la 4\u00e8me \u00e9dition du Fun Trophy"},"content":{"rendered":"<p><a href=\"http:\/\/www.leshautesardennes.be\/sah\/files\/2015\/09\/DSC_0121.jpg\"><img loading=\"lazy\" decoding=\"async\" class=\"aligncenter size-full wp-image-975\" src=\"http:\/\/www.leshautesardennes.be\/sah\/files\/2015\/09\/DSC_0121.jpg\" alt=\"\" width=\"2896\" height=\"608\" srcset=\"https:\/\/www.leshautesardennes.be\/sah\/files\/2015\/09\/DSC_0121.jpg 2896w, https:\/\/www.leshautesardennes.be\/sah\/files\/2015\/09\/DSC_0121-300x62.jpg 300w, https:\/\/www.leshautesardennes.be\/sah\/files\/2015\/09\/DSC_0121-1024x214.jpg 1024w, https:\/\/www.leshautesardennes.be\/sah\/files\/2015\/09\/DSC_0121-940x198.jpg 940w\" sizes=\"auto, (max-width: 2896px) 100vw, 2896px\" \/><\/a>Nous vous remercions vivement d\u2019avoir particip\u00e9 \u00e0 notre brocante et notre\u00a0quatri\u00e8me \u00e9dition du FUN TROPHY.<a href=\"http:\/\/www.leshautesardennes.be\/sah\/files\/2015\/09\/DSC_0322.jpg\"><img loading=\"lazy\" decoding=\"async\" class=\"aligncenter\" style=\"width: 462px;height: 239px\" src=\"http:\/\/www.leshautesardennes.be\/sah\/files\/2015\/09\/DSC_0322.jpg\" alt=\"\" width=\"2896\" height=\"239\" \/><\/a><\/p>\n<p>Cette ann\u00e9e gr\u00e2ce \u00e0 \u00a0la contribution de nombreux sponsors,\u00a0 partenaires et b\u00e9n\u00e9voles, 14 \u00e9quipes ont pu s\u2019affronter en r\u00e9alisant divers d\u00e9fis (combat de sumos, vis ma vie, construction d&rsquo;h\u00f4tel \u00e0 insectes, \u2026) sur le th\u00e8me de la r\u00e9cup. Plus de 60 brocanteurs ont expos\u00e9 tout le long de la caserne sous un soleil radieux.<a href=\"http:\/\/www.leshautesardennes.be\/sah\/files\/2015\/09\/DSC_0086.jpg\"><img loading=\"lazy\" decoding=\"async\" class=\"aligncenter\" style=\"width: 406px;height: 229px\" src=\"http:\/\/www.leshautesardennes.be\/sah\/files\/2015\/09\/DSC_0086.jpg\" alt=\"\" width=\"2896\" height=\"229\" \/><\/a><\/p>\n<p>Les enfants ont profit\u00e9 d&rsquo;un espace r\u00e9serv\u00e9 rien que pour eux avec un ch\u00e2teau gonflable, des grimages, des karts.<\/p>\n<p><a href=\"http:\/\/www.leshautesardennes.be\/sah\/files\/2015\/09\/DSC_0119.jpg\"><img loading=\"lazy\" decoding=\"async\" class=\"aligncenter\" style=\"width: 327px;height: 261px\" src=\"http:\/\/www.leshautesardennes.be\/sah\/files\/2015\/09\/DSC_0119.jpg\" alt=\"\" width=\"2896\" height=\"261\" \/><\/a><\/p>\n<p>Bravo \u00e9galement \u00e0 ceux qui ont amen\u00e9 une mascotte.<\/p>\n<p>Cette journ\u00e9e est importante pour l\u2019ASBL Les Hautes Ardennes,\u00a0 elle nous permet de nous rencontrer, dans un cadre diff\u00e9rent, pour des activit\u00e9s de d\u00e9lassement et d\u2019amusement\u00a0 et de sensibiliser chacun \u00e0 la mission de notre institution.<\/p>\n<p>En esp\u00e9rant pouvoir encore compter sur vous\u00a0 en 2017, nous vous prions de recevoir encore nos chaleureux remerciements pour votre g\u00e9n\u00e9reuse disponibilit\u00e9.<a href=\"http:\/\/www.leshautesardennes.be\/sah\/files\/2015\/09\/DSC_0357.jpg\"><img loading=\"lazy\" decoding=\"async\" class=\"aligncenter\" style=\"width: 480px;height: 310px\" src=\"http:\/\/www.leshautesardennes.be\/sah\/files\/2015\/09\/DSC_0357.jpg\" alt=\"\" width=\"2896\" height=\"310\" \/><\/a><\/p>\n<p>&nbsp;<\/p>\n","protected":false},"excerpt":{"rendered":"<p>Nous vous remercions vivement d\u2019avoir particip\u00e9 \u00e0 notre brocante et notre\u00a0quatri\u00e8me \u00e9dition du FUN TROPHY. Cette ann\u00e9e gr\u00e2ce \u00e0 \u00a0la contribution de nombreux sponsors,\u00a0 partenaires et b\u00e9n\u00e9voles, 14 \u00e9quipes ont pu s\u2019affronter en r\u00e9alisant divers d\u00e9fis (combat de sumos, vis &hellip; <a href=\"https:\/\/www.leshautesardennes.be\/sah\/2015\/09\/29\/la-brocante-et-la-4eme-edition-du-fun-trophy\/\">Continuer la lecture <span class=\"meta-nav\">&rarr;<\/span><\/a><\/p>\n","protected":false},"author":8,"featured_media":0,"comment_status":"closed","ping_status":"open","sticky":false,"template":"","format":"standard","meta":{"_acf_changed":false,"footnotes":""},"categories":[1],"tags":[],"class_list":["post-971","post","type-post","status-publish","format-standard","hentry","category-non-classe"],"acf":[],"_links":{"self":[{"href":"https:\/\/www.leshautesardennes.be\/sah\/wp-json\/wp\/v2\/posts\/971","targetHints":{"allow":["GET"]}}],"collection":[{"href":"https:\/\/www.leshautesardennes.be\/sah\/wp-json\/wp\/v2\/posts"}],"about":[{"href":"https:\/\/www.leshautesardennes.be\/sah\/wp-json\/wp\/v2\/types\/post"}],"author":[{"embeddable":true,"href":"https:\/\/www.leshautesardennes.be\/sah\/wp-json\/wp\/v2\/users\/8"}],"replies":[{"embeddable":true,"href":"https:\/\/www.leshautesardennes.be\/sah\/wp-json\/wp\/v2\/comments?post=971"}],"version-history":[{"count":4,"href":"https:\/\/www.leshautesardennes.be\/sah\/wp-json\/wp\/v2\/posts\/971\/revisions"}],"predecessor-version":[{"id":978,"href":"https:\/\/www.leshautesardennes.be\/sah\/wp-json\/wp\/v2\/posts\/971\/revisions\/978"}],"wp:attachment":[{"href":"https:\/\/www.leshautesardennes.be\/sah\/wp-json\/wp\/v2\/media?parent=971"}],"wp:term":[{"taxonomy":"category","embeddable":true,"href":"https:\/\/www.leshautesardennes.be\/sah\/wp-json\/wp\/v2\/categories?post=971"},{"taxonomy":"post_tag","embeddable":true,"href":"https:\/\/www.leshautesardennes.be\/sah\/wp-json\/wp\/v2\/tags?post=971"}],"curies":[{"name":"wp","href":"https:\/\/api.w.org\/{rel}","templated":true}]}}