{"id":963,"date":"2015-09-23T08:34:11","date_gmt":"2015-09-23T06:34:11","guid":{"rendered":"http:\/\/www.leshautesardennes.be\/sah\/?p=963"},"modified":"2015-09-23T08:35:30","modified_gmt":"2015-09-23T06:35:30","slug":"1er-prix-a-lexposition-panart","status":"publish","type":"post","link":"https:\/\/www.leshautesardennes.be\/sah\/2015\/09\/23\/1er-prix-a-lexposition-panart\/","title":{"rendered":"1er prix \u00e0 l&rsquo;exposition Pan&rsquo;Art"},"content":{"rendered":"<p><a href=\"http:\/\/www.leshautesardennes.be\/sah\/files\/2015\/09\/P10708051.jpg\"><img loading=\"lazy\" decoding=\"async\" class=\"wp-image-965 alignright\" style=\"width: 210px;height: 157px\" src=\"http:\/\/www.leshautesardennes.be\/sah\/files\/2015\/09\/P10708051.jpg\" alt=\"\" width=\"640\" height=\"50\" \/><\/a><a href=\"http:\/\/www.leshautesardennes.be\/sah\/files\/2015\/09\/P1070790.jpg\"><img loading=\"lazy\" decoding=\"async\" class=\"wp-image-964 alignleft\" style=\"width: 342px;height: 245px\" src=\"http:\/\/www.leshautesardennes.be\/sah\/files\/2015\/09\/P1070790.jpg\" alt=\"\" width=\"640\" height=\"480\" srcset=\"https:\/\/www.leshautesardennes.be\/sah\/files\/2015\/09\/P1070790.jpg 640w, https:\/\/www.leshautesardennes.be\/sah\/files\/2015\/09\/P1070790-300x225.jpg 300w\" sizes=\"auto, (max-width: 640px) 100vw, 640px\" \/><\/a><\/p>\n<p>&nbsp;<\/p>\n<p>&nbsp;<\/p>\n<p>&nbsp;<\/p>\n<p>Nous sommes fi\u00e8res de vous annoncer que Brigitte et Josiane ont re\u00e7u le premier prix \u00ab\u00a0Coup de c\u0153ur\u00a0\u00bb du public \u00e0 l&rsquo;exposition Pan&rsquo;Art qui a eu lieu du 17 au 20 septembre 2015 \u00e0 Li\u00e8ge.<\/p>\n<p>Depuis des mois, elles ont soigneusement pr\u00e9par\u00e9 la bande de girafes avec une \u00e9quipe \u00e9ducative active et motiv\u00e9e. N&rsquo;oublions pas \u00e9galement les peintures de Fred qui ont eu un beau succ\u00e8s aupr\u00e8s du public\u00a0venu nombreux voir\u00a0nos artistes hors du commun.<\/p>\n<p><a href=\"http:\/\/www.leshautesardennes.be\/sah\/files\/2015\/09\/IMG_4227-Copie.jpg\"><img loading=\"lazy\" decoding=\"async\" class=\"aligncenter\" style=\"width: 284px;height: 430px\" src=\"http:\/\/www.leshautesardennes.be\/sah\/files\/2015\/09\/IMG_4227-Copie.jpg\" alt=\"\" width=\"1999\" height=\"970\" \/><\/a><\/p>\n<p>F\u00e9licitations \u00e0 eux et \u00e0 toute l&rsquo;\u00e9quipe \u00e9ducative qui les a accompagn\u00e9s dans ce projet.<\/p>\n","protected":false},"excerpt":{"rendered":"<p>&nbsp; &nbsp; &nbsp; Nous sommes fi\u00e8res de vous annoncer que Brigitte et Josiane ont re\u00e7u le premier prix \u00ab\u00a0Coup de c\u0153ur\u00a0\u00bb du public \u00e0 l&rsquo;exposition Pan&rsquo;Art qui a eu lieu du 17 au 20 septembre 2015 \u00e0 Li\u00e8ge. Depuis des &hellip; <a href=\"https:\/\/www.leshautesardennes.be\/sah\/2015\/09\/23\/1er-prix-a-lexposition-panart\/\">Continuer la lecture <span class=\"meta-nav\">&rarr;<\/span><\/a><\/p>\n","protected":false},"author":8,"featured_media":0,"comment_status":"closed","ping_status":"open","sticky":false,"template":"","format":"standard","meta":{"_acf_changed":false,"footnotes":""},"categories":[1],"tags":[],"class_list":["post-963","post","type-post","status-publish","format-standard","hentry","category-non-classe"],"acf":[],"_links":{"self":[{"href":"https:\/\/www.leshautesardennes.be\/sah\/wp-json\/wp\/v2\/posts\/963","targetHints":{"allow":["GET"]}}],"collection":[{"href":"https:\/\/www.leshautesardennes.be\/sah\/wp-json\/wp\/v2\/posts"}],"about":[{"href":"https:\/\/www.leshautesardennes.be\/sah\/wp-json\/wp\/v2\/types\/post"}],"author":[{"embeddable":true,"href":"https:\/\/www.leshautesardennes.be\/sah\/wp-json\/wp\/v2\/users\/8"}],"replies":[{"embeddable":true,"href":"https:\/\/www.leshautesardennes.be\/sah\/wp-json\/wp\/v2\/comments?post=963"}],"version-history":[{"count":4,"href":"https:\/\/www.leshautesardennes.be\/sah\/wp-json\/wp\/v2\/posts\/963\/revisions"}],"predecessor-version":[{"id":969,"href":"https:\/\/www.leshautesardennes.be\/sah\/wp-json\/wp\/v2\/posts\/963\/revisions\/969"}],"wp:attachment":[{"href":"https:\/\/www.leshautesardennes.be\/sah\/wp-json\/wp\/v2\/media?parent=963"}],"wp:term":[{"taxonomy":"category","embeddable":true,"href":"https:\/\/www.leshautesardennes.be\/sah\/wp-json\/wp\/v2\/categories?post=963"},{"taxonomy":"post_tag","embeddable":true,"href":"https:\/\/www.leshautesardennes.be\/sah\/wp-json\/wp\/v2\/tags?post=963"}],"curies":[{"name":"wp","href":"https:\/\/api.w.org\/{rel}","templated":true}]}}