{"id":951,"date":"2015-09-04T13:38:41","date_gmt":"2015-09-04T11:38:41","guid":{"rendered":"http:\/\/www.leshautesardennes.be\/sah\/?p=951"},"modified":"2015-09-04T13:38:41","modified_gmt":"2015-09-04T11:38:41","slug":"panart-un-coup-de-pied-aux-idees-recues","status":"publish","type":"post","link":"https:\/\/www.leshautesardennes.be\/sah\/2015\/09\/04\/panart-un-coup-de-pied-aux-idees-recues\/","title":{"rendered":"Pan&rsquo;Art un coup de pied aux id\u00e9es re\u00e7ues"},"content":{"rendered":"<p><a href=\"http:\/\/www.leshautesardennes.be\/sah\/files\/2015\/09\/panart_2015_web.jpg\"><img loading=\"lazy\" decoding=\"async\" class=\"aligncenter  wp-image-952\" style=\"width: 214px;height: 270px\" src=\"http:\/\/www.leshautesardennes.be\/sah\/files\/2015\/09\/panart_2015_web.jpg\" alt=\"\" width=\"433\" height=\"334\" \/><\/a>Du 17 au 20 septembre 2015 , l&rsquo;exposition Pan&rsquo;Art ouvrira ses portes \u00e0 la cit\u00e9 Miroir \u00e0 Li\u00e8ge.<\/p>\n<p>Pour donner un v\u00e9ritable coup de pied aux id\u00e9es re\u00e7ues sur le handicap et d\u00e9montrer que l\u2019art est bien l\u2019affaire de tous, Pan\u2019Art permet \u00e0 chacun de sortir ses plus belles \u0153uvres r\u00e9alis\u00e9es lors d\u2019ateliers propos\u00e9s dans les institutions. L&rsquo;atelier \u00ab\u00a0Bien \u00eatre\u00a0\u00bb\u00a0participe avec trois de ses artistes \u00e0 cette exposition. L&rsquo;occasion pour chacun d&rsquo;entre nous de venir voir leurs \u0153uvres et de les encourager.<\/p>\n<p><a href=\"http:\/\/www.leshautesardennes.be\/sah\/files\/2015\/09\/P1070805.jpg\"><img loading=\"lazy\" decoding=\"async\" style=\"width: 180px;height: 165px\" src=\"http:\/\/www.leshautesardennes.be\/sah\/files\/2015\/09\/P1070805.jpg\" alt=\"\" width=\"640\" height=\"228\" \/><\/a><a href=\"http:\/\/www.leshautesardennes.be\/sah\/files\/2015\/09\/IMG_20150527_110721.jpg\"><img loading=\"lazy\" decoding=\"async\" style=\"width: 143px;height: 164px\" src=\"http:\/\/www.leshautesardennes.be\/sah\/files\/2015\/09\/IMG_20150527_110721.jpg\" alt=\"\" width=\"480\" height=\"640\" \/><\/a><a href=\"http:\/\/www.leshautesardennes.be\/sah\/files\/2015\/09\/IMG_20150601_113632.jpg\"><img loading=\"lazy\" decoding=\"async\" style=\"width: 159px;height: 163px\" src=\"http:\/\/www.leshautesardennes.be\/sah\/files\/2015\/09\/IMG_20150601_113632.jpg\" alt=\"\" width=\"480\" height=\"640\" \/><\/a><\/p>\n","protected":false},"excerpt":{"rendered":"<p>Du 17 au 20 septembre 2015 , l&rsquo;exposition Pan&rsquo;Art ouvrira ses portes \u00e0 la cit\u00e9 Miroir \u00e0 Li\u00e8ge. Pour donner un v\u00e9ritable coup de pied aux id\u00e9es re\u00e7ues sur le handicap et d\u00e9montrer que l\u2019art est bien l\u2019affaire de tous, &hellip; <a href=\"https:\/\/www.leshautesardennes.be\/sah\/2015\/09\/04\/panart-un-coup-de-pied-aux-idees-recues\/\">Continuer la lecture <span class=\"meta-nav\">&rarr;<\/span><\/a><\/p>\n","protected":false},"author":8,"featured_media":0,"comment_status":"closed","ping_status":"open","sticky":false,"template":"","format":"standard","meta":{"_acf_changed":false,"footnotes":""},"categories":[1],"tags":[],"class_list":["post-951","post","type-post","status-publish","format-standard","hentry","category-non-classe"],"acf":[],"_links":{"self":[{"href":"https:\/\/www.leshautesardennes.be\/sah\/wp-json\/wp\/v2\/posts\/951","targetHints":{"allow":["GET"]}}],"collection":[{"href":"https:\/\/www.leshautesardennes.be\/sah\/wp-json\/wp\/v2\/posts"}],"about":[{"href":"https:\/\/www.leshautesardennes.be\/sah\/wp-json\/wp\/v2\/types\/post"}],"author":[{"embeddable":true,"href":"https:\/\/www.leshautesardennes.be\/sah\/wp-json\/wp\/v2\/users\/8"}],"replies":[{"embeddable":true,"href":"https:\/\/www.leshautesardennes.be\/sah\/wp-json\/wp\/v2\/comments?post=951"}],"version-history":[{"count":2,"href":"https:\/\/www.leshautesardennes.be\/sah\/wp-json\/wp\/v2\/posts\/951\/revisions"}],"predecessor-version":[{"id":958,"href":"https:\/\/www.leshautesardennes.be\/sah\/wp-json\/wp\/v2\/posts\/951\/revisions\/958"}],"wp:attachment":[{"href":"https:\/\/www.leshautesardennes.be\/sah\/wp-json\/wp\/v2\/media?parent=951"}],"wp:term":[{"taxonomy":"category","embeddable":true,"href":"https:\/\/www.leshautesardennes.be\/sah\/wp-json\/wp\/v2\/categories?post=951"},{"taxonomy":"post_tag","embeddable":true,"href":"https:\/\/www.leshautesardennes.be\/sah\/wp-json\/wp\/v2\/tags?post=951"}],"curies":[{"name":"wp","href":"https:\/\/api.w.org\/{rel}","templated":true}]}}