{"id":940,"date":"2015-09-02T10:22:43","date_gmt":"2015-09-02T08:22:43","guid":{"rendered":"http:\/\/www.leshautesardennes.be\/sah\/?p=940"},"modified":"2015-09-02T10:22:43","modified_gmt":"2015-09-02T08:22:43","slug":"49eme-edition-de-loperation-chocos-septembre-2015","status":"publish","type":"post","link":"https:\/\/www.leshautesardennes.be\/sah\/2015\/09\/02\/49eme-edition-de-loperation-chocos-septembre-2015\/","title":{"rendered":"49\u00e8me \u00e9dition de l&rsquo;op\u00e9ration CHOCOS septembre 2015"},"content":{"rendered":"<div>\n<p><span style=\"font-size: large\"><strong><span style=\"color: #000000;font-family: Times New Roman\">Tous ensemble pour la 49<sup>\u00e8me<\/sup> \u00e9dition de l&rsquo;Op\u00e9ration CHOCOS organis\u00e9e par l&rsquo;asbl \u00abSAMHAIN\u00bb au profit de l&rsquo;asbl \u00abLes Hautes Ardennes\u00bb de Vielsalm.<\/span><\/strong><\/span><\/p>\n<\/div>\n<p><span style=\"color: #333333;font-family: Calibri\">\u00a0\u00a0\u00a0\u00a0\u00a0\u00a0\u00a0\u00a0\u00a0\u00a0\u00a0\u00a0\u00a0\u00a0\u00a0\u00a0\u00a0\u00a0\u00a0\u00a0\u00a0\u00a0\u00a0\u00a0\u00a0\u00a0\u00a0\u00a0\u00a0\u00a0\u00a0\u00a0\u00a0\u00a0\u00a0\u00a0\u00a0\u00a0\u00a0\u00a0\u00a0\u00a0\u00a0\u00a0\u00a0\u00a0\u00a0\u00a0\u00a0\u00a0\u00a0\u00a0\u00a0\u00a0\u00a0\u00a0\u00a0\u00a0\u00a0\u00a0\u00a0\u00a0\u00a0\u00a0\u00a0\u00a0\u00a0 <\/span><\/p>\n<p><span style=\"color: #000000;font-family: Times New Roman;font-size: medium\">Soyez pr\u00eats et attentifs au bruit de votre sonnette, tous les week-ends de septembre 2015, les nombreux et courageux b\u00e9n\u00e9voles de l\u2019Op\u00e9ration CHOCOS vont sillonner les rues de nos r\u00e9gions. Parcourant les communes de La Roche, Vielsalm, Grand-Halleux, Gouvy, Lierneux, Houffalize, Manhay et Erez\u00e9e, ils vont solliciter \u00e0 nouveau votre g\u00e9n\u00e9rosit\u00e9.<\/span><\/p>\n<p><span style=\"color: #000000;font-family: Times New Roman;font-size: medium\">Vu le succ\u00e8s remport\u00e9 l\u2019ann\u00e9e pass\u00e9e, aussi bien du c\u00f4t\u00e9 des vendeurs que des acheteurs, nous poursuivons la vente des produits chocolat\u00e9s : Milky Way, Snickers, C\u00e9l\u00e9brations et les mini-Twix.<\/span><\/p>\n<p><span style=\"font-size: medium\"><span style=\"color: #000000;font-family: Times New Roman\">\u00a0<\/span><span style=\"color: #000000;font-family: Times New Roman\">Nous rappelons \u00e9galement l\u2019importance d\u2019une telle mobilisation, les fonds r\u00e9colt\u00e9s servent \u00e0 financer des projets ou\u00a0 investissements non subsidi\u00e9s concernant l\u2019am\u00e9lioration de la qualit\u00e9 de vie et de travail des usagers de l\u2019asbl \u00abHautes Ardennes\u00bb. Chaque ann\u00e9e depuis sa cr\u00e9ation en 1967, ces profits ont permis \u00e0 de nombreux projets d\u2019aboutir tels que l\u2019am\u00e9nagement de locaux pour accueillir des personnes autistes, l\u2019achat d\u2019appareils d\u2019alarme pour la s\u00e9curit\u00e9 des b\u00e9n\u00e9ficiaires,&#8230;<\/span><\/span><\/p>\n<p><span style=\"font-size: medium\"><span style=\"color: #000000;font-family: Times New Roman\">\u00a0<\/span><span style=\"color: #000000;font-family: Times New Roman\">En 2013 et 2014, 40000\u20ac ont \u00e9t\u00e9 destin\u00e9s \u00e0 r\u00e9aliser la premi\u00e8re et la deuxi\u00e8me phase des travaux d\u2019am\u00e9nagement d\u2019une terrasse sensorielle au Clos des Aub\u00e9pines de B\u00eache ainsi que l\u2019am\u00e9nagement de la terrasse des a\u00een\u00e9s au foyer \u00abHesse\u00bb de Vielsalm.<\/span><\/span><\/p>\n<p><span style=\"font-size: medium\"><span style=\"color: #000000;font-family: Times New Roman\">\u00a0<\/span><span style=\"color: #000000;font-family: Times New Roman\">Nous remercions d\u00e9j\u00e0 les vendeurs pour leur disponibilit\u00e9 et nous esp\u00e9rons que vous leur accorderez comme chaque ann\u00e9e un bon accueil digne de votre g\u00e9n\u00e9rosit\u00e9. <\/span><\/span><\/p>\n<p><span style=\"color: #000000;font-family: Times New Roman;font-size: medium\">L\u2019op\u00e9ration CHOCOS est toujours en recherche de b\u00e9n\u00e9voles pour venir \u00e9pauler les \u00e9quipes d\u00e9j\u00e0 bien pr\u00e9sentes. Int\u00e9ress\u00e9s, contactez Dominique Fabry au 080\/29.27.88<\/span><\/p>\n<p><span style=\"color: #000000;font-family: Times New Roman\">\u00a0<\/span><span style=\"font-family: Times New Roman;font-size: medium\"><span style=\"color: #000000\">Soyez gourmands et faites-vous (nous) plaisir Mmm\u2026.<\/span> <\/span><\/p>\n<p><strong><a href=\"http:\/\/www.leshautesardennes.be\/sah\/files\/2015\/09\/op-chocos-facebook.jpg\"><img loading=\"lazy\" decoding=\"async\" class=\"aligncenter\" style=\"width: 361px;height: 457px\" src=\"http:\/\/www.leshautesardennes.be\/sah\/files\/2015\/09\/op-chocos-facebook.jpg\" alt=\"\" width=\"1240\" height=\"539\" \/><\/a><\/strong><\/p>\n","protected":false},"excerpt":{"rendered":"<p>Tous ensemble pour la 49\u00e8me \u00e9dition de l&rsquo;Op\u00e9ration CHOCOS organis\u00e9e par l&rsquo;asbl \u00abSAMHAIN\u00bb au profit de l&rsquo;asbl \u00abLes Hautes Ardennes\u00bb de Vielsalm. \u00a0\u00a0\u00a0\u00a0\u00a0\u00a0\u00a0\u00a0\u00a0\u00a0\u00a0\u00a0\u00a0\u00a0\u00a0\u00a0\u00a0\u00a0\u00a0\u00a0\u00a0\u00a0\u00a0\u00a0\u00a0\u00a0\u00a0\u00a0\u00a0\u00a0\u00a0\u00a0\u00a0\u00a0\u00a0\u00a0\u00a0\u00a0\u00a0\u00a0\u00a0\u00a0\u00a0\u00a0\u00a0\u00a0\u00a0\u00a0\u00a0\u00a0\u00a0\u00a0\u00a0\u00a0\u00a0\u00a0\u00a0\u00a0\u00a0\u00a0\u00a0\u00a0\u00a0\u00a0\u00a0\u00a0\u00a0 Soyez pr\u00eats et attentifs au bruit de votre sonnette, tous les week-ends de septembre 2015, les nombreux &hellip; <a href=\"https:\/\/www.leshautesardennes.be\/sah\/2015\/09\/02\/49eme-edition-de-loperation-chocos-septembre-2015\/\">Continuer la lecture <span class=\"meta-nav\">&rarr;<\/span><\/a><\/p>\n","protected":false},"author":8,"featured_media":0,"comment_status":"closed","ping_status":"open","sticky":false,"template":"","format":"standard","meta":{"_acf_changed":false,"footnotes":""},"categories":[1],"tags":[],"class_list":["post-940","post","type-post","status-publish","format-standard","hentry","category-non-classe"],"acf":[],"_links":{"self":[{"href":"https:\/\/www.leshautesardennes.be\/sah\/wp-json\/wp\/v2\/posts\/940","targetHints":{"allow":["GET"]}}],"collection":[{"href":"https:\/\/www.leshautesardennes.be\/sah\/wp-json\/wp\/v2\/posts"}],"about":[{"href":"https:\/\/www.leshautesardennes.be\/sah\/wp-json\/wp\/v2\/types\/post"}],"author":[{"embeddable":true,"href":"https:\/\/www.leshautesardennes.be\/sah\/wp-json\/wp\/v2\/users\/8"}],"replies":[{"embeddable":true,"href":"https:\/\/www.leshautesardennes.be\/sah\/wp-json\/wp\/v2\/comments?post=940"}],"version-history":[{"count":9,"href":"https:\/\/www.leshautesardennes.be\/sah\/wp-json\/wp\/v2\/posts\/940\/revisions"}],"predecessor-version":[{"id":950,"href":"https:\/\/www.leshautesardennes.be\/sah\/wp-json\/wp\/v2\/posts\/940\/revisions\/950"}],"wp:attachment":[{"href":"https:\/\/www.leshautesardennes.be\/sah\/wp-json\/wp\/v2\/media?parent=940"}],"wp:term":[{"taxonomy":"category","embeddable":true,"href":"https:\/\/www.leshautesardennes.be\/sah\/wp-json\/wp\/v2\/categories?post=940"},{"taxonomy":"post_tag","embeddable":true,"href":"https:\/\/www.leshautesardennes.be\/sah\/wp-json\/wp\/v2\/tags?post=940"}],"curies":[{"name":"wp","href":"https:\/\/api.w.org\/{rel}","templated":true}]}}