{"id":934,"date":"2015-08-28T09:43:01","date_gmt":"2015-08-28T07:43:01","guid":{"rendered":"http:\/\/www.leshautesardennes.be\/sah\/?p=934"},"modified":"2015-08-28T09:43:01","modified_gmt":"2015-08-28T07:43:01","slug":"fun-trophy-les-inscriptions-sont-ouvertes","status":"publish","type":"post","link":"https:\/\/www.leshautesardennes.be\/sah\/2015\/08\/28\/fun-trophy-les-inscriptions-sont-ouvertes\/","title":{"rendered":"Fun Trophy, les inscriptions sont ouvertes"},"content":{"rendered":"<p><a href=\"http:\/\/www.leshautesardennes.be\/sah\/files\/2015\/08\/affiche-Fun-Trophy-2015.jpg\"><img loading=\"lazy\" decoding=\"async\" class=\"aligncenter  wp-image-935\" style=\"width: 350px;height: 467px\" src=\"http:\/\/www.leshautesardennes.be\/sah\/files\/2015\/08\/affiche-Fun-Trophy-2015.jpg\" alt=\"\" width=\"2493\" height=\"716\" \/><\/a>Le dimanche 27 septembre, n&rsquo;oubliez pas de vous inscrire au Fun Trophy avant le 21 septembre.<\/p>\n<p>Ce jeu d&rsquo;\u00e9quipe de 4 \u00e0 6 joueurs consiste \u00e0 passer des \u00e9preuves concoct\u00e9es par l&rsquo;\u00e9quipe \u00e9ducative. Nous demandons une participation de 30\u20ac par \u00e9quipe.<\/p>\n<p>Tout au long de la journ\u00e9e, il y aura \u00e9galement des animations pour enfants. L&rsquo;entr\u00e9e \u00e0 l&rsquo;\u00e9v\u00e9nement est gratuite.<\/p>\n<p>Infos et inscriptions : M\u00e9lanie Biscaro 080\/28.11.68 ou <a href=\"mailto:melanie.biscaro@leshautesardennes.dev\">melanie.biscaro@leshautesardennes.dev<\/a><\/p>\n","protected":false},"excerpt":{"rendered":"<p>Le dimanche 27 septembre, n&rsquo;oubliez pas de vous inscrire au Fun Trophy avant le 21 septembre. Ce jeu d&rsquo;\u00e9quipe de 4 \u00e0 6 joueurs consiste \u00e0 passer des \u00e9preuves concoct\u00e9es par l&rsquo;\u00e9quipe \u00e9ducative. Nous demandons une participation de 30\u20ac par &hellip; <a href=\"https:\/\/www.leshautesardennes.be\/sah\/2015\/08\/28\/fun-trophy-les-inscriptions-sont-ouvertes\/\">Continuer la lecture <span class=\"meta-nav\">&rarr;<\/span><\/a><\/p>\n","protected":false},"author":8,"featured_media":0,"comment_status":"closed","ping_status":"open","sticky":false,"template":"","format":"standard","meta":{"_acf_changed":false,"footnotes":""},"categories":[1],"tags":[],"class_list":["post-934","post","type-post","status-publish","format-standard","hentry","category-non-classe"],"acf":[],"_links":{"self":[{"href":"https:\/\/www.leshautesardennes.be\/sah\/wp-json\/wp\/v2\/posts\/934","targetHints":{"allow":["GET"]}}],"collection":[{"href":"https:\/\/www.leshautesardennes.be\/sah\/wp-json\/wp\/v2\/posts"}],"about":[{"href":"https:\/\/www.leshautesardennes.be\/sah\/wp-json\/wp\/v2\/types\/post"}],"author":[{"embeddable":true,"href":"https:\/\/www.leshautesardennes.be\/sah\/wp-json\/wp\/v2\/users\/8"}],"replies":[{"embeddable":true,"href":"https:\/\/www.leshautesardennes.be\/sah\/wp-json\/wp\/v2\/comments?post=934"}],"version-history":[{"count":4,"href":"https:\/\/www.leshautesardennes.be\/sah\/wp-json\/wp\/v2\/posts\/934\/revisions"}],"predecessor-version":[{"id":939,"href":"https:\/\/www.leshautesardennes.be\/sah\/wp-json\/wp\/v2\/posts\/934\/revisions\/939"}],"wp:attachment":[{"href":"https:\/\/www.leshautesardennes.be\/sah\/wp-json\/wp\/v2\/media?parent=934"}],"wp:term":[{"taxonomy":"category","embeddable":true,"href":"https:\/\/www.leshautesardennes.be\/sah\/wp-json\/wp\/v2\/categories?post=934"},{"taxonomy":"post_tag","embeddable":true,"href":"https:\/\/www.leshautesardennes.be\/sah\/wp-json\/wp\/v2\/tags?post=934"}],"curies":[{"name":"wp","href":"https:\/\/api.w.org\/{rel}","templated":true}]}}