{"id":915,"date":"2015-08-25T11:35:14","date_gmt":"2015-08-25T09:35:14","guid":{"rendered":"http:\/\/www.leshautesardennes.be\/sah\/?p=915"},"modified":"2015-09-15T13:46:21","modified_gmt":"2015-09-15T11:46:21","slug":"la-balade-sonore-des-macralles-presentee-par-lequipe-des-rangers","status":"publish","type":"post","link":"https:\/\/www.leshautesardennes.be\/sah\/2015\/08\/25\/la-balade-sonore-des-macralles-presentee-par-lequipe-des-rangers\/","title":{"rendered":"\u00ab\u00a0La Balade sonore des Macralles\u00a0\u00bb pr\u00e9sent\u00e9e par l&rsquo;\u00e9quipe des \u00ab\u00a0Rangers\u00a0\u00bb"},"content":{"rendered":"<p><span style=\"color: #000000;font-family: Calibri\"><a href=\"http:\/\/www.leshautesardennes.be\/sah\/files\/2015\/08\/IMG_4034.jpg\"><img loading=\"lazy\" decoding=\"async\" class=\"aligncenter  wp-image-921\" style=\"width: 224px;height: 280px\" src=\"http:\/\/www.leshautesardennes.be\/sah\/files\/2015\/08\/IMG_4034.jpg\" alt=\"\" width=\"3456\" height=\"495\" \/><\/a>Vous avez sans doute entendu parler de la nouvelle Balade sonore des Macralles \u00e0 Vielsalm. Ce circuit de 4,5km permet \u00e0 la fois de d\u00e9couvrir le centre de Vielsalm en empruntant des sentiers peu connus et de mani\u00e8re ludique, ainsi que l\u2019origine des \u00ab\u00a0Macralles du Val de Salm\u00a0\u00bb. Cette balade est ponctu\u00e9e de 5 haltes o\u00f9 vous pouvez \u00e9couter des fichiers sonores t\u00e9l\u00e9chargeables sur le site internet du Syndicat d\u2019Initiative de Vielsalm. Par contre peu de gens savent que l\u2019\u00e9quipe \u00ab\u00a0Rangers\u00a0\u00bb de l\u2019asbl \u00ab\u00a0Les Hautes Ardennes\u00a0\u00bb a contribu\u00e9 au succ\u00e8s de ce projet.<\/span><\/p>\n<p><span style=\"color: #000000;font-family: Calibri\"><a href=\"http:\/\/www.leshautesardennes.be\/sah\/files\/2015\/08\/IMG_4049.jpg\"><img loading=\"lazy\" decoding=\"async\" style=\"width: 194px;height: 181px\" src=\"http:\/\/www.leshautesardennes.be\/sah\/files\/2015\/08\/IMG_4049.jpg\" alt=\"\" width=\"3456\" height=\"81\" \/><\/a><a href=\"http:\/\/www.leshautesardennes.be\/sah\/files\/2015\/08\/IMG_4044.jpg\"><img loading=\"lazy\" decoding=\"async\" style=\"width: 179px;height: 183px\" src=\"http:\/\/www.leshautesardennes.be\/sah\/files\/2015\/08\/IMG_4044.jpg\" alt=\"\" width=\"3456\" height=\"381\" \/><\/a><a href=\"http:\/\/www.leshautesardennes.be\/sah\/files\/2015\/08\/IMG_4058.jpg\"><img loading=\"lazy\" decoding=\"async\" style=\"width: 163px;height: 181px\" src=\"http:\/\/www.leshautesardennes.be\/sah\/files\/2015\/08\/IMG_4058.jpg\" alt=\"\" width=\"3097\" height=\"133\" \/><\/a><\/span><\/p>\n<p><span style=\"color: #000000;font-family: Calibri\">Contact\u00e9e au mois de juin, l\u2019\u00e9quipe a fait du rep\u00e9rage sur le terrain afin de commander au mieux les jalons, les fl\u00e8ches qui serviront au balisage. Apr\u00e8s cet aspect plus technique, ils ont relev\u00e9 leurs manches et d\u00e9marr\u00e9 la pr\u00e9paration des plaquettes informatives et la disposition du mat\u00e9riel de balisage. Durant deux jours, ils ont parcouru de long en large cette balade afin de la pr\u00e9parer au mieux \u00e0 l\u2019ouverture de la saison touristique.<\/span><\/p>\n<p><span style=\"color: #000000;font-family: Calibri\"> <a href=\"http:\/\/www.leshautesardennes.be\/sah\/files\/2015\/08\/IMG_4031.jpg\"><img loading=\"lazy\" decoding=\"async\" class=\"aligncenter\" style=\"width: 270px;height: 222px\" src=\"http:\/\/www.leshautesardennes.be\/sah\/files\/2015\/08\/IMG_4031.jpg\" alt=\"\" width=\"4608\" height=\"222\" \/><\/a><\/span><\/p>\n<p><span style=\"font-family: Calibri\">\u00a0Depuis d\u00e9but juillet, vous pouvez profiter, en \u00e9tant bien aiguill\u00e9s gr\u00e2ce aux Rangers, de cette splendide promenade \u00e0 travers la ville et ses recoins inattendus. L\u2019\u00e9quipe \u00ab\u00a0Rangers\u00a0\u00bb est fi\u00e8re d\u2019avoir particip\u00e9 \u00e0 ce projet symbolique rempli de folklore et d\u2019histoire de notre r\u00e9gion. Eddy, Florent, Fred et Kevin vous pr\u00e9sentent avec ces quelques photos le travail de toute une \u00e9quipe. <\/span><\/p>\n","protected":false},"excerpt":{"rendered":"<p>Vous avez sans doute entendu parler de la nouvelle Balade sonore des Macralles \u00e0 Vielsalm. Ce circuit de 4,5km permet \u00e0 la fois de d\u00e9couvrir le centre de Vielsalm en empruntant des sentiers peu connus et de mani\u00e8re ludique, ainsi &hellip; <a href=\"https:\/\/www.leshautesardennes.be\/sah\/2015\/08\/25\/la-balade-sonore-des-macralles-presentee-par-lequipe-des-rangers\/\">Continuer la lecture <span class=\"meta-nav\">&rarr;<\/span><\/a><\/p>\n","protected":false},"author":8,"featured_media":0,"comment_status":"closed","ping_status":"open","sticky":false,"template":"","format":"standard","meta":{"_acf_changed":false,"footnotes":""},"categories":[1],"tags":[],"class_list":["post-915","post","type-post","status-publish","format-standard","hentry","category-non-classe"],"acf":[],"_links":{"self":[{"href":"https:\/\/www.leshautesardennes.be\/sah\/wp-json\/wp\/v2\/posts\/915","targetHints":{"allow":["GET"]}}],"collection":[{"href":"https:\/\/www.leshautesardennes.be\/sah\/wp-json\/wp\/v2\/posts"}],"about":[{"href":"https:\/\/www.leshautesardennes.be\/sah\/wp-json\/wp\/v2\/types\/post"}],"author":[{"embeddable":true,"href":"https:\/\/www.leshautesardennes.be\/sah\/wp-json\/wp\/v2\/users\/8"}],"replies":[{"embeddable":true,"href":"https:\/\/www.leshautesardennes.be\/sah\/wp-json\/wp\/v2\/comments?post=915"}],"version-history":[{"count":7,"href":"https:\/\/www.leshautesardennes.be\/sah\/wp-json\/wp\/v2\/posts\/915\/revisions"}],"predecessor-version":[{"id":961,"href":"https:\/\/www.leshautesardennes.be\/sah\/wp-json\/wp\/v2\/posts\/915\/revisions\/961"}],"wp:attachment":[{"href":"https:\/\/www.leshautesardennes.be\/sah\/wp-json\/wp\/v2\/media?parent=915"}],"wp:term":[{"taxonomy":"category","embeddable":true,"href":"https:\/\/www.leshautesardennes.be\/sah\/wp-json\/wp\/v2\/categories?post=915"},{"taxonomy":"post_tag","embeddable":true,"href":"https:\/\/www.leshautesardennes.be\/sah\/wp-json\/wp\/v2\/tags?post=915"}],"curies":[{"name":"wp","href":"https:\/\/api.w.org\/{rel}","templated":true}]}}