{"id":826,"date":"2015-07-09T15:41:16","date_gmt":"2015-07-09T13:41:16","guid":{"rendered":"http:\/\/www.leshautesardennes.be\/sah\/?p=826"},"modified":"2015-07-09T15:41:28","modified_gmt":"2015-07-09T13:41:28","slug":"ete-solidaire","status":"publish","type":"post","link":"https:\/\/www.leshautesardennes.be\/sah\/2015\/07\/09\/ete-solidaire\/","title":{"rendered":"\u00ab\u00a0Et\u00e9 Solidaire\u00a0\u00bb"},"content":{"rendered":"<p><span style=\"color: #ffcc00\"><a href=\"http:\/\/www.leshautesardennes.be\/sah\/files\/2015\/07\/\u00e9t\u00e9.jpg\"><img loading=\"lazy\" decoding=\"async\" class=\" wp-image-831 alignright\" style=\"width: 95px\" src=\"http:\/\/www.leshautesardennes.be\/sah\/files\/2015\/07\/\u00e9t\u00e9.jpg\" alt=\"\" width=\"112\" height=\"137\" \/><\/a>C\u2019est reparti pour \u00ab\u00a0l\u2019Et\u00e9 Solidaire\u00a0\u00bb<\/span><\/p>\n<p><span style=\"color: #000000\">Du mercredi 1<\/span><sup><span style=\"color: #000000;font-family: Arial;font-size: small\">er<\/span><\/sup><span style=\"color: #000000\"> juillet au mardi 14 juillet 2015, cinq \u00e9tudiants int\u00e8grent l\u2019\u00e9quipe \u00e9ducative de l\u2019asbl \u00ab\u00a0Les Hautes Ardennes\u00a0\u00bb.<\/span><\/p>\n<p><span style=\"color: #000000\">Tout au long de ces 10 jours, ils vont aider et participer aux diff\u00e9rents ateliers propos\u00e9s aux b\u00e9n\u00e9ficiaires.<\/span><\/p>\n<p><span style=\"color: #000000\">\u00ab\u00a0Et\u00e9 Solidaire\u00a0\u00bb est subsidi\u00e9 par la Wallonie et g\u00e9r\u00e9 par le Plan de Coh\u00e9sion Sociale. C\u2019est un projet men\u00e9 en synergie entre le CPAS et la Commune de Vielsalm. Le CPAS engage les \u00e9tudiants pour le Home Marie-Th\u00e9r\u00e8se du CPAS et la Commune pour l\u2019asbl \u00ab\u00a0Les Hautes Ardennes. Le recrutement pour l\u2019asbl \u00ab\u00a0Les Hautes Ardennes\u00a0\u00bb se fait via l\u2019AMO l\u2019Etincelle.<\/span><\/p>\n<p><span style=\"color: #000000\">L\u2019objectif est de favoriser l\u2019apprentissage de la citoyennet\u00e9 chez les jeunes de 15 \u00e0 21 ans et de rapprocher les g\u00e9n\u00e9rations, tout en procurant une exp\u00e9rience de travail salari\u00e9.<\/span><\/p>\n<p><span style=\"color: #000000\">Cet \u00e9t\u00e9, le th\u00e8me choisi est \u00ab\u00a0Au fil du temps\u00a0\u00bb, plusieurs activit\u00e9s vont \u00eatre \u00e9galement mises en commun avec le Home et l\u2019asbl. L\u2019occasion pour chacun de se rencontrer, de partager des moments conviviaux et enrichissants.<\/span><\/p>\n<p><span style=\"color: #000000\">Bienvenue \u00e0 Alexis, Gr\u00e9gory, Laure, Mathilde, Nad\u00e8ge et bon travail\u2026<a href=\"http:\/\/www.leshautesardennes.be\/sah\/files\/2015\/07\/IMG_3411.jpg\"><img loading=\"lazy\" decoding=\"async\" style=\"width: 293px;height: 223px\" src=\"http:\/\/www.leshautesardennes.be\/sah\/files\/2015\/07\/IMG_3411.jpg\" alt=\"\" width=\"1024\" height=\"223\" \/><\/a><a href=\"http:\/\/www.leshautesardennes.be\/sah\/files\/2015\/07\/IMG_3368.jpg\"><img loading=\"lazy\" decoding=\"async\" style=\"width: 280px;height: 222px\" src=\"http:\/\/www.leshautesardennes.be\/sah\/files\/2015\/07\/IMG_3368.jpg\" alt=\"\" width=\"4608\" height=\"262\" \/><\/a><a href=\"http:\/\/www.leshautesardennes.be\/sah\/files\/2015\/07\/IMG_3392.jpg\"><img loading=\"lazy\" decoding=\"async\" class=\"aligncenter\" style=\"width: 275px;height: 221px\" src=\"http:\/\/www.leshautesardennes.be\/sah\/files\/2015\/07\/IMG_3392.jpg\" alt=\"\" width=\"1024\" height=\"273\" \/><\/a><\/span><\/p>\n","protected":false},"excerpt":{"rendered":"<p>C\u2019est reparti pour \u00ab\u00a0l\u2019Et\u00e9 Solidaire\u00a0\u00bb Du mercredi 1er juillet au mardi 14 juillet 2015, cinq \u00e9tudiants int\u00e8grent l\u2019\u00e9quipe \u00e9ducative de l\u2019asbl \u00ab\u00a0Les Hautes Ardennes\u00a0\u00bb. Tout au long de ces 10 jours, ils vont aider et participer aux diff\u00e9rents ateliers propos\u00e9s &hellip; <a href=\"https:\/\/www.leshautesardennes.be\/sah\/2015\/07\/09\/ete-solidaire\/\">Continuer la lecture <span class=\"meta-nav\">&rarr;<\/span><\/a><\/p>\n","protected":false},"author":8,"featured_media":0,"comment_status":"closed","ping_status":"open","sticky":false,"template":"","format":"standard","meta":{"_acf_changed":false,"footnotes":""},"categories":[1],"tags":[],"class_list":["post-826","post","type-post","status-publish","format-standard","hentry","category-non-classe"],"acf":[],"_links":{"self":[{"href":"https:\/\/www.leshautesardennes.be\/sah\/wp-json\/wp\/v2\/posts\/826","targetHints":{"allow":["GET"]}}],"collection":[{"href":"https:\/\/www.leshautesardennes.be\/sah\/wp-json\/wp\/v2\/posts"}],"about":[{"href":"https:\/\/www.leshautesardennes.be\/sah\/wp-json\/wp\/v2\/types\/post"}],"author":[{"embeddable":true,"href":"https:\/\/www.leshautesardennes.be\/sah\/wp-json\/wp\/v2\/users\/8"}],"replies":[{"embeddable":true,"href":"https:\/\/www.leshautesardennes.be\/sah\/wp-json\/wp\/v2\/comments?post=826"}],"version-history":[{"count":5,"href":"https:\/\/www.leshautesardennes.be\/sah\/wp-json\/wp\/v2\/posts\/826\/revisions"}],"predecessor-version":[{"id":835,"href":"https:\/\/www.leshautesardennes.be\/sah\/wp-json\/wp\/v2\/posts\/826\/revisions\/835"}],"wp:attachment":[{"href":"https:\/\/www.leshautesardennes.be\/sah\/wp-json\/wp\/v2\/media?parent=826"}],"wp:term":[{"taxonomy":"category","embeddable":true,"href":"https:\/\/www.leshautesardennes.be\/sah\/wp-json\/wp\/v2\/categories?post=826"},{"taxonomy":"post_tag","embeddable":true,"href":"https:\/\/www.leshautesardennes.be\/sah\/wp-json\/wp\/v2\/tags?post=826"}],"curies":[{"name":"wp","href":"https:\/\/api.w.org\/{rel}","templated":true}]}}