{"id":769,"date":"2015-05-29T10:59:20","date_gmt":"2015-05-29T08:59:20","guid":{"rendered":"http:\/\/www.leshautesardennes.be\/sah\/?p=769"},"modified":"2015-05-29T11:39:37","modified_gmt":"2015-05-29T09:39:37","slug":"769","status":"publish","type":"post","link":"https:\/\/www.leshautesardennes.be\/sah\/2015\/05\/29\/769\/","title":{"rendered":"De retour des \u00ab Specials Olympics \u00bb, l\u2019\u00e9quipe au complet est plus que motiv\u00e9e pour les prochaines \u00e9ditions."},"content":{"rendered":"<p style=\"text-align: center\"><span style=\"color: #000000;font-family: Calibri\">N\u2019oublions pas que les \u00ab\u00a0Specials Olympics\u00a0\u00bb se pr\u00e9parent un an \u00e0 l\u2019avance avec les entra\u00eenements, l\u2019accompagnement des b\u00e9n\u00e9ficiaires, la motivation de chacun, le c\u00f4t\u00e9 souvent tr\u00e8s lourd de l\u2019administratif (inscriptions, chronos,\u2026). Tout \u00e7a est orchestr\u00e9 depuis plus de 22 ans par Brigitte Neisius, responsable des activit\u00e9s \u00ab\u00a0Sports JO\u00a0\u00bb et \u00ab Sports adapt\u00e9s\u00a0\u00bb.<a href=\"http:\/\/www.leshautesardennes.be\/sah\/files\/2015\/05\/IMG_6108.jpg\"><br \/>\n<\/a><\/span><\/p>\n<p><span style=\"color: #000000;font-family: Calibri\">Mais revenons \u00e0 ces quatre jours particuliers avec l\u2019interview de Julie Marmoy, \u00e9ducatrice responsable depuis 4 ans de l\u2019organisation sur place des Specials Olympics.<br \/>\n<a href=\"http:\/\/www.leshautesardennes.be\/sah\/files\/2015\/05\/IMG_6108.jpg\"><img loading=\"lazy\" decoding=\"async\" class=\"aligncenter\" style=\"width: 118px;height: 140px\" src=\"http:\/\/www.leshautesardennes.be\/sah\/files\/2015\/05\/IMG_6108.jpg\" alt=\"\" width=\"189\" height=\"269\" \/><\/a><\/span><\/p>\n<p><strong><span style=\"font-family: Calibri\">Comment s\u2019est d\u00e9roul\u00e9e l\u2019\u00e9dition 2015 des Specials Olympics\u00a0?<\/span><\/strong><\/p>\n<p><span style=\"color: #ff0000\"><em><span style=\"font-family: Calibri\">Le premier jour, on se pr\u00e9pare et on assiste \u00e0 la c\u00e9r\u00e9monie d\u2019ouverture qui \u00a0<\/span><\/em><em><span style=\"font-family: Calibri\">cette ann\u00e9e encore \u00e9tait vraiment spectaculaire. Beaucoup plus d\u2019animations en fran\u00e7ais, nous avons assist\u00e9 \u00e0 la pr\u00e9sentation de la com\u00e9die musicale d\u2019Alec Mansion \u00ab\u00a0Hopes\u00a0<\/span><\/em><em><span style=\"font-family: Calibri\">\u00bb.<\/span><\/em><\/span><\/p>\n<p><span style=\"color: #ff0000\"><em><span style=\"font-family: Calibri\">Ensuite les autres jours, c\u2019est partit pour la comp\u00e9tition et la mont\u00e9e d\u2019adr\u00e9naline.<\/span> <a href=\"http:\/\/www.leshautesardennes.be\/sah\/files\/2015\/05\/IMG_6022.jpg\"><img loading=\"lazy\" decoding=\"async\" style=\"width: 223px;height: 185px\" src=\"http:\/\/www.leshautesardennes.be\/sah\/files\/2015\/05\/IMG_6022.jpg\" alt=\"\" width=\"337\" height=\"242\" \/><\/a><a href=\"http:\/\/www.leshautesardennes.be\/sah\/files\/2015\/05\/IMG_6201.jpg\"><img loading=\"lazy\" decoding=\"async\" style=\"width: 291px;height: 185px\" src=\"http:\/\/www.leshautesardennes.be\/sah\/files\/2015\/05\/IMG_6201.jpg\" alt=\"\" width=\"448\" height=\"299\" \/><\/a><\/em><\/span><\/p>\n<p>&nbsp;<\/p>\n<p><strong><span style=\"color: #000000;font-family: Calibri\">Et l\u2019ambiance\u2026<\/span><\/strong><\/p>\n<p><span style=\"color: #ff0000\"><em><span style=\"font-family: Calibri\">Super dynamique avec les athl\u00e8tes, une bonne \u00e9quipe \u00e9ducative, une excellente symbiose entre nous donc \u00e7a s\u2019est r\u00e9percut\u00e9 sur le moral et l\u2019ambiance du groupe.<a href=\"http:\/\/www.leshautesardennes.be\/sah\/files\/2015\/05\/IMG_6113.jpg\"><img loading=\"lazy\" decoding=\"async\" class=\"aligncenter\" style=\"width: 338px;height: 218px\" src=\"http:\/\/www.leshautesardennes.be\/sah\/files\/2015\/05\/IMG_6113.jpg\" alt=\"\" width=\"448\" height=\"299\" \/><\/a><\/span><\/em><\/span><\/p>\n<p><span style=\"color: #ff0000\"><em><span style=\"font-family: Calibri\">Petit b\u00e9mol, les Specials Olympics deviennent une tr\u00e8s grosse organisation et je trouve que l\u2019humain est un peu mis de c\u00f4t\u00e9. C\u2019est d\u2019autant plus frustrant que pour moi \u00e7a reste un \u00e9v\u00e9nement clairement li\u00e9 au social.<\/span><\/em><\/span><\/p>\n<p><strong><span style=\"color: #000000;font-family: Calibri\">Quelques moments forts\u00a0?<\/span><\/strong><\/p>\n<p><span style=\"color: #ff0000\"><em><span style=\"font-family: Calibri\">La comp\u00e9tition bat son plein jusqu\u2019au 50 m qui est une \u00e9preuve cruciale et tant attendue par nos athl\u00e8tes. Les b\u00e9n\u00e9ficiaires se mettent la pression pour avoir la m\u00e9daille d\u2019or. Pourtant on leur r\u00e9p\u00e8te constamment que l\u2019important c\u2019est de participer et que nous sommes fiers d\u2019eux quoiqu\u2019il arrive.<\/span><\/em><\/span><\/p>\n<p><span style=\"color: #ff0000\"><em><span style=\"font-family: Calibri\">Une anecdote, pour le 1500 m, deux athl\u00e8tes participaient mais le probl\u00e8me c\u2019est qu\u2019ils s\u2019attentaient et quand ils sont pass\u00e9s pr\u00e8s de nos gradins on leur a dit\u00a0:\u00a0\u00ab\u00a0foncez, ne vous attendez pas\u00a0\u00bb et l\u00e0 l\u2019un des deux a tellement bien fonc\u00e9 qu\u2019il a \u00e9t\u00e9 disqualifi\u00e9 car beaucoup trop fort. Le syst\u00e8me d\u2019inscription est tr\u00e8s pointu et ne permet que 15% d\u2019erreur par rapport \u00e0 une moyenne de temps chrono donn\u00e9 \u00e0 l\u2019avance sinon disqualification).<\/span><\/em><\/span><\/p>\n<p><span style=\"color: #ff0000\"><em><span style=\"font-family: Calibri\">Un autre chouette moment, le vendredi soir, ils organisent un petit concert pour tout le monde, nous avons tous dans\u00e9 et \u00e7a a permis \u00e0 chacun de rel\u00e2cher la pression.<\/span><\/em><\/span><\/p>\n<p><span style=\"color: #ff0000\"><em><span style=\"font-family: Calibri\">Un autre athl\u00e8te \u00e9tait tellement content de faire son 50 m qu\u2019il a hurl\u00e9 de joie toute sa course.<a href=\"http:\/\/www.leshautesardennes.be\/sah\/files\/2015\/05\/IMG_6223.jpg\"><img loading=\"lazy\" decoding=\"async\" style=\"width: 141px;height: 165px\" src=\"http:\/\/www.leshautesardennes.be\/sah\/files\/2015\/05\/IMG_6223.jpg\" alt=\"\" width=\"299\" height=\"448\" \/><\/a><a href=\"http:\/\/www.leshautesardennes.be\/sah\/files\/2015\/05\/IMG_5954.jpg\"><img loading=\"lazy\" decoding=\"async\" style=\"width: 200px;height: 154px\" src=\"http:\/\/www.leshautesardennes.be\/sah\/files\/2015\/05\/IMG_5954.jpg\" alt=\"\" width=\"448\" height=\"299\" \/><\/a><\/span><\/em><\/span><\/p>\n<p><strong><span style=\"color: #000000;font-family: Calibri\">Une impression d\u2019un athl\u00e8te\u00a0?<\/span><\/strong><\/p>\n<p><strong><\/strong><span style=\"color: #ff0000\"><em><span style=\"font-family: Calibri\">Je retiendrais un b\u00e9n\u00e9ficiaire qui participait pour la premi\u00e8re fois et j\u2019avoue on avait un peu peur de sa r\u00e9action face \u00e0 une d\u00e9faite. En fait, il l\u2019a bien prise et m\u00eame avec une certaine philosophie. \u00catre hors de nos habitudes, hors de nos murs, \u00e7a nous rend tous quand m\u00eame plus cool.<\/span><\/em><\/span><\/p>\n<p><strong><span style=\"color: #000000;font-family: Calibri\">Comment pr\u00e9pariez-vous de telles journ\u00e9es\u00a0?<\/span><\/strong><\/p>\n<p><span style=\"color: #ff0000\"><em><span style=\"font-family: Calibri\">Chaque soir, on faisait un d\u00e9briefing avec les impressions de chacun et on organisait un planning avec qui accompagne qui pour le lendemain. Le mot d\u2019ordre, essayer d\u2019\u00eatre l\u00e0 pour encourager chaque athl\u00e8te et surtout \u00eatre pr\u00e9sent. Ils ont plein de questions par rapport \u00e0 l\u2019organisation, ils ont besoin d\u2019\u00eatre rassur\u00e9 sur les \u00e9v\u00e9nements et sur ce qu\u2019ils doivent faire.<a href=\"http:\/\/www.leshautesardennes.be\/sah\/files\/2015\/05\/IMG_6230.jpg\"><img loading=\"lazy\" decoding=\"async\" class=\"aligncenter\" style=\"width: 314px;height: 188px\" src=\"http:\/\/www.leshautesardennes.be\/sah\/files\/2015\/05\/IMG_6230.jpg\" alt=\"\" width=\"448\" height=\"299\" \/><\/a><\/span><\/em><\/span><\/p>\n<p><strong><span style=\"color: #000000;font-family: Calibri\">Seras-tu partante pour l\u2019ann\u00e9e prochaine\u00a0?<\/span><\/strong><span style=\"color: #ff0000;font-family: Calibri\"><em><span style=\"font-family: Calibri\">Oui je ne veux pas l\u00e2cher, si je pouvais, je signerais pour 20 ans.<\/span><\/em><\/span><\/p>\n<p><strong><span style=\"color: #000000;font-family: Calibri\">Qu\u2019est-ce que tu voudrais mettre en place pour l\u2019ann\u00e9e prochaine\u00a0?<\/span><\/strong><br \/>\n<span style=\"color: #ff0000\"><em><span style=\"font-family: Calibri\">Oh plein de choses (sourire), l\u2019\u00e9quipe des \u00e9ducateurs aimerait changer de formule et int\u00e9grer d\u2019autres athl\u00e8tes comme par exemple certains plus jeunes, d\u2019autres plus motiv\u00e9s.<\/span><\/em><\/span><\/p>\n<p><span style=\"color: #ff0000\"><em><span style=\"font-family: Calibri\">Un autre projet serait de participer \u00e0 une \u00e9preuve collective et ainsi int\u00e9grer l\u2019esprit d\u2019\u00e9quipe pas assez pr\u00e9sent chez nos b\u00e9n\u00e9ficiaires. Un sacr\u00e9 challenge\u00a0<\/span><\/em><em><span style=\"font-family: Wingdings\">J<\/span><\/em><\/span><\/p>\n<p><span style=\"color: #ff0000\"><em><span style=\"font-family: Calibri\">Il\u00a0existe une course relais entre b\u00e9n\u00e9ficiaires et \u00e9ducateurs, \u00e7a donne envie&#8230;<a href=\"http:\/\/www.leshautesardennes.be\/sah\/files\/2015\/05\/IMG_6277.jpg\"><img loading=\"lazy\" decoding=\"async\" class=\"aligncenter\" style=\"width: 308px;height: 190px\" src=\"http:\/\/www.leshautesardennes.be\/sah\/files\/2015\/05\/IMG_6277.jpg\" alt=\"\" width=\"448\" height=\"299\" \/><\/a><\/span><\/em><\/span><\/p>\n<p><strong><span style=\"color: #000000;font-family: Calibri\">En quelques mots, que retiens-tu de l\u2019\u00e9dition 2015\u00a0? <\/span><\/strong><span style=\"color: #ff0000\"><em><span style=\"font-family: Calibri\">Extra, g\u00e9niale, c\u2019est une exp\u00e9rience incroyable, il faut la vivre au moins une fois dans sa vie\u00a0\u00bb sourit-elle d\u00e9bordante d\u2019\u00e9nergie.<\/span><\/em><\/span><\/p>\n<p><span style=\"color: #000000;font-family: Calibri\">Si vous rencontrez l\u2019\u00e9quipe des Specials Olympics, parlez avec eux de ces quelques jours, vous percevrez clairement leur motivation et leur ferveur dans le fond de leurs yeux.<\/span><\/p>\n<p><span style=\"color: #000000;font-family: Calibri\">Petite conclusion\u00a0: \u00ab\u00a0l\u2019important, c\u2019est de participer mais nous sommes fi\u00e8res de nos athl\u00e8tes qui ont ramen\u00e9 \u00e0 Vielsalm\u00a0: 7 m\u00e9dailles d\u2019or, 5 m\u00e9dailles d\u2019argent et 1 m\u00e9daille de bronze.<\/span><\/p>\n<p><span style=\"color: #000000;font-family: Calibri\"><a href=\"http:\/\/www.leshautesardennes.be\/sah\/files\/2015\/05\/IMG_6070.jpg\"><img loading=\"lazy\" decoding=\"async\" style=\"width: 115px;height: 139px\" src=\"http:\/\/www.leshautesardennes.be\/sah\/files\/2015\/05\/IMG_6070.jpg\" alt=\"\" width=\"299\" height=\"448\" \/><\/a><a href=\"http:\/\/www.leshautesardennes.be\/sah\/files\/2015\/05\/IMG_5948.jpg\"><img loading=\"lazy\" decoding=\"async\" class=\"alignleft\" style=\"width: 109px;height: 138px\" src=\"http:\/\/www.leshautesardennes.be\/sah\/files\/2015\/05\/IMG_5948.jpg\" alt=\"\" width=\"299\" height=\"448\" \/><\/a><\/span><\/p>\n<p><span style=\"color: #000000;font-family: Calibri\">Bravo \u00e0 tous et vivement l\u2019ann\u00e9e prochaine.<\/span><\/p>\n<p>&nbsp;<\/p>\n","protected":false},"excerpt":{"rendered":"<p>N\u2019oublions pas que les \u00ab\u00a0Specials Olympics\u00a0\u00bb se pr\u00e9parent un an \u00e0 l\u2019avance avec les entra\u00eenements, l\u2019accompagnement des b\u00e9n\u00e9ficiaires, la motivation de chacun, le c\u00f4t\u00e9 souvent tr\u00e8s lourd de l\u2019administratif (inscriptions, chronos,\u2026). Tout \u00e7a est orchestr\u00e9 depuis plus de 22 ans &hellip; <a href=\"https:\/\/www.leshautesardennes.be\/sah\/2015\/05\/29\/769\/\">Continuer la lecture <span class=\"meta-nav\">&rarr;<\/span><\/a><\/p>\n","protected":false},"author":8,"featured_media":0,"comment_status":"closed","ping_status":"open","sticky":false,"template":"","format":"standard","meta":{"_acf_changed":false,"footnotes":""},"categories":[1],"tags":[],"class_list":["post-769","post","type-post","status-publish","format-standard","hentry","category-non-classe"],"acf":[],"_links":{"self":[{"href":"https:\/\/www.leshautesardennes.be\/sah\/wp-json\/wp\/v2\/posts\/769","targetHints":{"allow":["GET"]}}],"collection":[{"href":"https:\/\/www.leshautesardennes.be\/sah\/wp-json\/wp\/v2\/posts"}],"about":[{"href":"https:\/\/www.leshautesardennes.be\/sah\/wp-json\/wp\/v2\/types\/post"}],"author":[{"embeddable":true,"href":"https:\/\/www.leshautesardennes.be\/sah\/wp-json\/wp\/v2\/users\/8"}],"replies":[{"embeddable":true,"href":"https:\/\/www.leshautesardennes.be\/sah\/wp-json\/wp\/v2\/comments?post=769"}],"version-history":[{"count":11,"href":"https:\/\/www.leshautesardennes.be\/sah\/wp-json\/wp\/v2\/posts\/769\/revisions"}],"predecessor-version":[{"id":783,"href":"https:\/\/www.leshautesardennes.be\/sah\/wp-json\/wp\/v2\/posts\/769\/revisions\/783"}],"wp:attachment":[{"href":"https:\/\/www.leshautesardennes.be\/sah\/wp-json\/wp\/v2\/media?parent=769"}],"wp:term":[{"taxonomy":"category","embeddable":true,"href":"https:\/\/www.leshautesardennes.be\/sah\/wp-json\/wp\/v2\/categories?post=769"},{"taxonomy":"post_tag","embeddable":true,"href":"https:\/\/www.leshautesardennes.be\/sah\/wp-json\/wp\/v2\/tags?post=769"}],"curies":[{"name":"wp","href":"https:\/\/api.w.org\/{rel}","templated":true}]}}