{"id":757,"date":"2015-05-22T16:51:09","date_gmt":"2015-05-22T14:51:09","guid":{"rendered":"http:\/\/www.leshautesardennes.be\/sah\/?p=757"},"modified":"2015-05-22T16:52:18","modified_gmt":"2015-05-22T14:52:18","slug":"un-franc-succes-pour-les-wallonie-bienvenue","status":"publish","type":"post","link":"https:\/\/www.leshautesardennes.be\/sah\/2015\/05\/22\/un-franc-succes-pour-les-wallonie-bienvenue\/","title":{"rendered":"Un franc succ\u00e8s pour les \u00ab Wallonie Bienvenue \u00bb"},"content":{"rendered":"<p><a href=\"http:\/\/www.leshautesardennes.be\/sah\/files\/2015\/05\/Image1.png\"><img loading=\"lazy\" decoding=\"async\" class=\"alignleft  wp-image-758\" style=\"width: 145px;height: 137px\" src=\"http:\/\/www.leshautesardennes.be\/sah\/files\/2015\/05\/Image1.png\" alt=\"\" width=\"388\" height=\"111\" \/><\/a><a href=\"http:\/\/www.leshautesardennes.be\/sah\/files\/2015\/05\/Image2.png\"><img loading=\"lazy\" decoding=\"async\" class=\"alignright  wp-image-759\" style=\"width: 156px;height: 135px\" src=\"http:\/\/www.leshautesardennes.be\/sah\/files\/2015\/05\/Image2.png\" alt=\"\" width=\"351\" height=\"132\" \/><\/a><\/p>\n<p><span style=\"color: #000000;font-family: Calibri\">Le temps d\u2019un Week-End, Les gens de la r\u00e9gion et les touristes ont pu d\u00e9couvrir plusieurs entreprises, artisans, artistes de la commune de Vielsalm. <\/span><\/p>\n<p style=\"text-align: left\"><span style=\"color: #000000;font-family: Calibri\">Ils ont fait une halte lors de leur parcours sur le site de l\u2019ancienne caserne de Rencheux o\u00f9 4 ambassadeurs les accueillaient.<\/span><\/p>\n<p style=\"text-align: left\"><span style=\"color: #000000;font-family: Calibri\">L\u2019atelier \u00ab\u00a0Terre\u00a0\u00bb a ouvert ses portes le samedi et le dimanche de 10h \u00e0 18h. On pouvait y admirer les sculptures et les \u0153uvres cr\u00e9\u00e9es par les artistes\u00a0tout au\u00a0long de l\u2019ann\u00e9e.<\/span><\/p>\n<p style=\"text-align: left\"><a href=\"http:\/\/www.leshautesardennes.be\/sah\/files\/2015\/05\/P1010028.jpg\"><img loading=\"lazy\" decoding=\"async\" class=\"wp-image-760 aligncenter\" style=\"width: 206px;height: 146px\" src=\"http:\/\/www.leshautesardennes.be\/sah\/files\/2015\/05\/P1010028.jpg\" alt=\"\" width=\"419\" height=\"201\" \/><\/a><\/p>\n<p><span style=\"color: #000000;font-family: Calibri\">Contente et ravie de ce Week-End, V\u00e9ronique, la responsable, attribue un 8\/10 pour l\u2019organisation, la participation, le contact et l\u2019int\u00e9r\u00eat. Elle est enthousiaste quant aux r\u00e9percussions qu\u2019engendrent un tel \u00e9v\u00e9nement.<\/span><\/p>\n<p><span style=\"color: #000000;font-family: Calibri\">D\u00e9j\u00e0 plusieurs inscriptions et num\u00e9ros de t\u00e9l\u00e9phone en poche, V\u00e9ronique et sa coll\u00e8gue Amandine se pr\u00e9parent pour une nouvelle ann\u00e9e d\u2019ateliers et d\u2019apprentissage avec les enfants, les adultes et les personnes handicap\u00e9es.<\/span><\/p>\n<p><span style=\"font-family: Calibri\">En plus d\u2019une visite guid\u00e9e, le samedi, l\u2019atelier a offert un drink pour l\u2019inauguration des nouveaux locaux et l\u2019acquisition d\u2019un nouveau four en pr\u00e9sence d\u2019une d\u00e9l\u00e9gation communale.<img loading=\"lazy\" decoding=\"async\" class=\"aligncenter  wp-image-761\" style=\"width: 243px;height: 167px\" src=\"http:\/\/www.leshautesardennes.be\/sah\/files\/2015\/05\/11257993_10153264342982416_1271189394293309562_n.jpg\" alt=\"\" width=\"437\" height=\"161\" \/><\/span><\/p>\n<p><span style=\"font-family: Calibri\">Le nouveau four \u00e9lectrique a une capacit\u00e9 de 300 litres ce qui lui donne la possibilit\u00e9 de cuire \u00e0 1300\u00b0C plusieurs sculptures, poteries \u00e0 la fois gr\u00e2ce \u00e0 des plaques sp\u00e9ciales pour l\u2019empilement. <\/span><\/p>\n<p><a href=\"http:\/\/www.leshautesardennes.be\/sah\/files\/2015\/05\/P1010007.jpg\"><img loading=\"lazy\" decoding=\"async\" class=\"wp-image-763 alignnone\" style=\"width: 152px;height: 162px\" src=\"http:\/\/www.leshautesardennes.be\/sah\/files\/2015\/05\/P1010007.jpg\" alt=\"\" width=\"341\" height=\"361\" \/><\/a><a href=\"http:\/\/www.leshautesardennes.be\/sah\/files\/2015\/05\/P1010010.jpg\"><img loading=\"lazy\" decoding=\"async\" class=\"wp-image-762 alignright\" style=\"width: 174px;height: 175px\" src=\"http:\/\/www.leshautesardennes.be\/sah\/files\/2015\/05\/P1010010.jpg\" alt=\"\" width=\"3648\" height=\"283\" \/><\/a><\/p>\n<p>&nbsp;<\/p>\n<p><span style=\"color: #000000;font-family: Calibri\">Un Week-End charg\u00e9 mais appr\u00e9ci\u00e9 par les visiteurs et les ambassadeurs.<\/span><\/p>\n<p><span style=\"color: #000000;font-family: Calibri\">L\u2019expo \u00ab\u00a0Ave Luia\u00a0\u00bb (que vous pouvez visiter jusqu\u2019au 17 juillet \u00e0 l\u2019ancienne caserne de Rencheux), le concert de \u00ab\u00a0Elle &amp; Samuel\u00a0\u00bb et la d\u00e9gustation de vins ont \u00e9t\u00e9 appr\u00e9ci\u00e9s par de nombreux amateurs durant tout le Week-End.<\/span><\/p>\n<p><a href=\"http:\/\/www.leshautesardennes.be\/sah\/files\/2015\/05\/logo.jpg\"><img loading=\"lazy\" decoding=\"async\" style=\"width: 137px;height: 159px\" src=\"http:\/\/www.leshautesardennes.be\/sah\/files\/2015\/05\/logo.jpg\" alt=\"\" width=\"2512\" height=\"2218\" \/><\/a><span style=\"color: #000000;font-family: Calibri\">Pour infos\u00a0: Pour les enfants de 6 \u00e0 12 ans<\/span><\/p>\n<p>&nbsp;<\/p>\n<p align=\"center\"><span style=\"font-family: Calibri\"><span style=\"color: #000000\">\u00a0\u00a0\u00a0\u00a0\u00a0\u00a0 <\/span><span style=\"color: #000000\">Stage \u00ab\u00a0poterie, modelage en terre\u00a0\u00bb du 6 au 10 juillet 2015<\/span><\/span><\/p>\n<p><span style=\"font-family: Calibri\">Atelier de septembre \u00e0 juin pour Adultes (le jeudi de 13h30 \u00e0 16h) et pour enfants (le mercredi de 13h30 \u00e0 16h)<\/span><\/p>\n<p><span style=\"font-family: Calibri\">Adresse\u00a0: Place des Chasseurs Ardennais, 31 \u00e0 6690 Vielsalm<\/span><\/p>\n<p><span style=\"color: #000000;font-family: Calibri\">Inscriptions et informations, contactez V\u00e9ronique au 080\/418253 ou 0498\/403594<\/span><\/p>\n<p>&nbsp;<\/p>\n","protected":false},"excerpt":{"rendered":"<p>Le temps d\u2019un Week-End, Les gens de la r\u00e9gion et les touristes ont pu d\u00e9couvrir plusieurs entreprises, artisans, artistes de la commune de Vielsalm. Ils ont fait une halte lors de leur parcours sur le site de l\u2019ancienne caserne de &hellip; <a href=\"https:\/\/www.leshautesardennes.be\/sah\/2015\/05\/22\/un-franc-succes-pour-les-wallonie-bienvenue\/\">Continuer la lecture <span class=\"meta-nav\">&rarr;<\/span><\/a><\/p>\n","protected":false},"author":8,"featured_media":0,"comment_status":"closed","ping_status":"open","sticky":false,"template":"","format":"standard","meta":{"_acf_changed":false,"footnotes":""},"categories":[1],"tags":[],"class_list":["post-757","post","type-post","status-publish","format-standard","hentry","category-non-classe"],"acf":[],"_links":{"self":[{"href":"https:\/\/www.leshautesardennes.be\/sah\/wp-json\/wp\/v2\/posts\/757","targetHints":{"allow":["GET"]}}],"collection":[{"href":"https:\/\/www.leshautesardennes.be\/sah\/wp-json\/wp\/v2\/posts"}],"about":[{"href":"https:\/\/www.leshautesardennes.be\/sah\/wp-json\/wp\/v2\/types\/post"}],"author":[{"embeddable":true,"href":"https:\/\/www.leshautesardennes.be\/sah\/wp-json\/wp\/v2\/users\/8"}],"replies":[{"embeddable":true,"href":"https:\/\/www.leshautesardennes.be\/sah\/wp-json\/wp\/v2\/comments?post=757"}],"version-history":[{"count":3,"href":"https:\/\/www.leshautesardennes.be\/sah\/wp-json\/wp\/v2\/posts\/757\/revisions"}],"predecessor-version":[{"id":766,"href":"https:\/\/www.leshautesardennes.be\/sah\/wp-json\/wp\/v2\/posts\/757\/revisions\/766"}],"wp:attachment":[{"href":"https:\/\/www.leshautesardennes.be\/sah\/wp-json\/wp\/v2\/media?parent=757"}],"wp:term":[{"taxonomy":"category","embeddable":true,"href":"https:\/\/www.leshautesardennes.be\/sah\/wp-json\/wp\/v2\/categories?post=757"},{"taxonomy":"post_tag","embeddable":true,"href":"https:\/\/www.leshautesardennes.be\/sah\/wp-json\/wp\/v2\/tags?post=757"}],"curies":[{"name":"wp","href":"https:\/\/api.w.org\/{rel}","templated":true}]}}