{"id":743,"date":"2015-05-20T14:52:41","date_gmt":"2015-05-20T12:52:41","guid":{"rendered":"http:\/\/www.leshautesardennes.be\/sah\/?p=743"},"modified":"2015-05-20T14:52:41","modified_gmt":"2015-05-20T12:52:41","slug":"rendez-vous-avec-loperation-communes-et-rivieres-propres","status":"publish","type":"post","link":"https:\/\/www.leshautesardennes.be\/sah\/2015\/05\/20\/rendez-vous-avec-loperation-communes-et-rivieres-propres\/","title":{"rendered":"Rendez-vous avec l&rsquo;op\u00e9ration \u00ab\u00a0Communes et Rivi\u00e8res propres\u00a0\u00bb"},"content":{"rendered":"<p><a href=\"http:\/\/www.leshautesardennes.be\/sah\/files\/2015\/05\/IMG_2738.jpg\"><img loading=\"lazy\" decoding=\"async\" class=\"alignleft  wp-image-748\" style=\"width: 159px;height: 205px\" src=\"http:\/\/www.leshautesardennes.be\/sah\/files\/2015\/05\/IMG_2738.jpg\" alt=\"\" width=\"323\" height=\"332\" \/><\/a><\/p>\n<p>&nbsp;<\/p>\n<p><span style=\"color: #000000;font-family: Calibri\">Durant le mois d\u2019avril, notre \u00e9quipe \u00ab\u00a0Rangers\u00a0\u00bb a particip\u00e9 comme chaque ann\u00e9e depuis plus de 10 ans au nettoyage des routes, des berges et des for\u00eats de la commune de Vielsalm. <\/span><\/p>\n<p>&nbsp;<\/p>\n<p>&nbsp;<\/p>\n<p><span style=\"font-family: Calibri\">\u00a0\u00ab Les\u00a0Rangers\u00a0\u00bb font partie d\u2019une activit\u00e9 du Service d\u2019Accueil de Jour de l\u2019asbl \u00ab\u00a0Les Hautes Ardennes\u00a0\u00bb. Cette activit\u00e9 existe depuis bient\u00f4t 20 ans. Ses principaux objectifs sont de d\u00e9velopper le sens et le respect de l\u2019environnement, d&rsquo;encourager l\u2019effort, de\u00a0soutenir les comp\u00e9tences des personnes et de promouvoir le travail d\u2019\u00e9quipe. Nous pr\u00e9senterons plus en d\u00e9tails les \u00ab\u00a0Rangers\u00a0\u00bb dans un prochain article.<a href=\"http:\/\/www.leshautesardennes.be\/sah\/files\/2015\/05\/IMG_2718.jpg\"><img loading=\"lazy\" decoding=\"async\" class=\"wp-image-747 aligncenter\" style=\"width: 323px;height: 199px\" src=\"http:\/\/www.leshautesardennes.be\/sah\/files\/2015\/05\/IMG_2718.jpg\" alt=\"\" width=\"431\" height=\"189\" \/><\/a><\/span><\/p>\n<p><span style=\"color: #000000;font-family: Calibri\">En pratique, l\u2019\u00e9quipe effectue des ramassages et s\u2019occupe de zones noires.<\/span><\/p>\n<p><span style=\"color: #000000;font-family: Calibri\">Ramassage\u00a0: nettoyage le long des routes, \u00e0 l\u2019or\u00e9e des bois et au bord des rivi\u00e8res. Cette ann\u00e9e, ils ont nettoy\u00e9 les abords des routes de Grand-Halleux, Hour et Mont-le-Soie.<\/span><\/p>\n<p><span style=\"font-family: Calibri\">Zone\u00a0noire\u00a0: ancien d\u00e9p\u00f4t d\u2019immondices en partie nettoy\u00e9 ou pas du tout. Ils ont d\u00e9couvert des trous dans la for\u00eat remplis de d\u00e9chets.<\/span><span style=\"color: #000000\">\u00a0 <\/span><\/p>\n<p><span style=\"color: #000000;font-family: Calibri\">Un petit historique s\u2019impose\u00a0:<\/span><\/p>\n<p><span style=\"font-family: Calibri\">Pendant la guerre, les obus, lanc\u00e9s lors d\u2019attaques, ont fait des trous un peu partout dans la nature. Ces trous restaient comme des cicatrices dans le paysage de nos campagnes. Les riverains ne supportaient plus voir continuellement ces plaies ouvertes rappelant ces p\u00e9nibles moments. Ils ont d\u00e9cid\u00e9 de les reboucher en y versant leurs d\u00e9chets. L\u2019\u00e9quipe a trouv\u00e9 des d\u00e9tritus assez surprenants comme la carcasse d\u2019une 2CV (voir photo).<\/span><\/p>\n<p><a href=\"http:\/\/www.leshautesardennes.be\/sah\/files\/2015\/05\/WP_20150423_005.jpg\"><img loading=\"lazy\" decoding=\"async\" class=\"alignright\" style=\"width: 193px;height: 142px\" src=\"http:\/\/www.leshautesardennes.be\/sah\/files\/2015\/05\/WP_20150423_005.jpg\" alt=\"\" width=\"1632\" height=\"142\" \/><\/a><a href=\"http:\/\/www.leshautesardennes.be\/sah\/files\/2015\/05\/IMG_2687.jpg\"><img loading=\"lazy\" decoding=\"async\" style=\"width: 189px;height: 152px\" src=\"http:\/\/www.leshautesardennes.be\/sah\/files\/2015\/05\/IMG_2687.jpg\" alt=\"\" width=\"448\" height=\"152\" \/><\/a><\/p>\n<p>Trou vid\u00e9\u00a0\u00a0\u00a0\u00a0\u00a0\u00a0\u00a0\u00a0\u00a0\u00a0\u00a0\u00a0\u00a0\u00a0\u00a0\u00a0\u00a0\u00a0\u00a0\u00a0\u00a0\u00a0\u00a0\u00a0\u00a0\u00a0\u00a0\u00a0\u00a0\u00a0\u00a0\u00a0\u00a0\u00a0\u00a0\u00a0\u00a0\u00a0\u00a0\u00a0\u00a0\u00a0\u00a0\u00a0\u00a0\u00a0\u00a0\u00a0\u00a0\u00a0\u00a0\u00a0\u00a0\u00a0\u00a0\u00a0\u00a0\u00a0\u00a0\u00a0\u00a0\u00a0\u00a0\u00a0\u00a0\u00a0\u00a0\u00a0\u00a0\u00a0\u00a0\u00a0\u00a0\u00a0\u00a0\u00a0\u00a0\u00a0\u00a0\u00a0\u00a0\u00a0\u00a0\u00a0\u00a0\u00a0\u00a0\u00a0\u00a0\u00a0\u00a0\u00a0\u00a0\u00a0\u00a0\u00a0\u00a0\u00a0\u00a0\u00a0\u00a0\u00a0D\u00e9chets enfouis<\/p>\n<p><span style=\"font-family: Calibri\">Durant 5 jours, l\u2019\u00e9quipe \u00ab\u00a0Rangers\u00a0\u00bb a ramass\u00e9 au total plus de 800 kg de d\u00e9chets sur une trentaine de km. Ils les ont amen\u00e9s directement au parc \u00e0 conteneurs.<\/span><\/p>\n<p><span style=\"font-family: Calibri\">Mais restons positif, selon Morgan, \u00e9ducateur responsable \u00ab\u00a0Rangers\u00a0\u00bb : <em>\u00ab\u00a0 les gens sont plus vigilants, respectueux qu\u2019avant pourtant il faut continuer la pr\u00e9vention car nous trouvons encore toutes sortes d\u2019immondices.\u00a0\u00bb<\/em><\/span><\/p>\n<p><span style=\"font-family: Calibri\">Petit geste \u00e0 retenir, quand vous partez en balade en famille \u00e0 pied, en v\u00e9lo ou \u00e0 cheval, prenez des sacs-poubelles avec vous \u00e7a pourra toujours servir.<\/span><\/p>\n<p><a href=\"http:\/\/www.leshautesardennes.be\/sah\/files\/2015\/05\/IMG_2663.jpg\"><img loading=\"lazy\" decoding=\"async\" class=\"aligncenter  wp-image-744\" style=\"width: 203px;height: 201px\" src=\"http:\/\/www.leshautesardennes.be\/sah\/files\/2015\/05\/IMG_2663.jpg\" alt=\"\" width=\"339\" height=\"201\" \/><\/a><\/p>\n","protected":false},"excerpt":{"rendered":"<p>&nbsp; Durant le mois d\u2019avril, notre \u00e9quipe \u00ab\u00a0Rangers\u00a0\u00bb a particip\u00e9 comme chaque ann\u00e9e depuis plus de 10 ans au nettoyage des routes, des berges et des for\u00eats de la commune de Vielsalm. &nbsp; &nbsp; \u00a0\u00ab Les\u00a0Rangers\u00a0\u00bb font partie d\u2019une activit\u00e9 &hellip; <a href=\"https:\/\/www.leshautesardennes.be\/sah\/2015\/05\/20\/rendez-vous-avec-loperation-communes-et-rivieres-propres\/\">Continuer la lecture <span class=\"meta-nav\">&rarr;<\/span><\/a><\/p>\n","protected":false},"author":8,"featured_media":0,"comment_status":"closed","ping_status":"open","sticky":false,"template":"","format":"standard","meta":{"_acf_changed":false,"footnotes":""},"categories":[1],"tags":[],"class_list":["post-743","post","type-post","status-publish","format-standard","hentry","category-non-classe"],"acf":[],"_links":{"self":[{"href":"https:\/\/www.leshautesardennes.be\/sah\/wp-json\/wp\/v2\/posts\/743","targetHints":{"allow":["GET"]}}],"collection":[{"href":"https:\/\/www.leshautesardennes.be\/sah\/wp-json\/wp\/v2\/posts"}],"about":[{"href":"https:\/\/www.leshautesardennes.be\/sah\/wp-json\/wp\/v2\/types\/post"}],"author":[{"embeddable":true,"href":"https:\/\/www.leshautesardennes.be\/sah\/wp-json\/wp\/v2\/users\/8"}],"replies":[{"embeddable":true,"href":"https:\/\/www.leshautesardennes.be\/sah\/wp-json\/wp\/v2\/comments?post=743"}],"version-history":[{"count":8,"href":"https:\/\/www.leshautesardennes.be\/sah\/wp-json\/wp\/v2\/posts\/743\/revisions"}],"predecessor-version":[{"id":756,"href":"https:\/\/www.leshautesardennes.be\/sah\/wp-json\/wp\/v2\/posts\/743\/revisions\/756"}],"wp:attachment":[{"href":"https:\/\/www.leshautesardennes.be\/sah\/wp-json\/wp\/v2\/media?parent=743"}],"wp:term":[{"taxonomy":"category","embeddable":true,"href":"https:\/\/www.leshautesardennes.be\/sah\/wp-json\/wp\/v2\/categories?post=743"},{"taxonomy":"post_tag","embeddable":true,"href":"https:\/\/www.leshautesardennes.be\/sah\/wp-json\/wp\/v2\/tags?post=743"}],"curies":[{"name":"wp","href":"https:\/\/api.w.org\/{rel}","templated":true}]}}