{"id":716,"date":"2015-05-20T11:21:22","date_gmt":"2015-05-20T09:21:22","guid":{"rendered":"http:\/\/www.leshautesardennes.be\/sah\/?p=716"},"modified":"2015-05-20T11:21:22","modified_gmt":"2015-05-20T09:21:22","slug":"ce-8-mai-2015-cine-debat-organise-par-lasbl-les-hautes-ardennes-au-cine-versailles-a-stavelot","status":"publish","type":"post","link":"https:\/\/www.leshautesardennes.be\/sah\/2015\/05\/20\/ce-8-mai-2015-cine-debat-organise-par-lasbl-les-hautes-ardennes-au-cine-versailles-a-stavelot\/","title":{"rendered":"Ce 8 mai 2015, Cin\u00e9-D\u00e9bat organis\u00e9 par l\u2019asbl \u00ab Les Hautes Ardennes \u00bb, au Cin\u00e9 Versailles \u00e0 Stavelot"},"content":{"rendered":"<p><em><a href=\"http:\/\/www.leshautesardennes.be\/sah\/files\/2015\/05\/cin\u00e93.png\"><img loading=\"lazy\" decoding=\"async\" class=\"alignright  wp-image-721\" style=\"width: 233px;height: 171px\" src=\"http:\/\/www.leshautesardennes.be\/sah\/files\/2015\/05\/cin\u00e93.png\" alt=\"\" width=\"395\" height=\"304\" srcset=\"https:\/\/www.leshautesardennes.be\/sah\/files\/2015\/05\/cin\u00e93.png 395w, https:\/\/www.leshautesardennes.be\/sah\/files\/2015\/05\/cin\u00e93-300x230.png 300w\" sizes=\"auto, (max-width: 395px) 100vw, 395px\" \/><\/a><span style=\"font-size: large\">Un film&#8230;<\/span><\/em><\/p>\n<p>&nbsp;<\/p>\n<p>&nbsp;<\/p>\n<p>&nbsp;<\/p>\n<p>&nbsp;<\/p>\n<p><a href=\"http:\/\/www.leshautesardennes.be\/sah\/files\/2015\/05\/gabrielle.png\"><img loading=\"lazy\" decoding=\"async\" class=\"wp-image-717 alignleft\" style=\"width: 139px;height: 171px\" src=\"http:\/\/www.leshautesardennes.be\/sah\/files\/2015\/05\/gabrielle.png\" alt=\"\" width=\"268\" height=\"251\" \/><\/a><a href=\"http:\/\/www.leshautesardennes.be\/sah\/files\/2015\/05\/synopsis.png\"><img loading=\"lazy\" decoding=\"async\" class=\"wp-image-718 alignright\" style=\"width: 313px;height: 138px\" src=\"http:\/\/www.leshautesardennes.be\/sah\/files\/2015\/05\/synopsis.png\" alt=\"\" width=\"295\" height=\"97\" \/><\/a><\/p>\n<p>&nbsp;<\/p>\n<p><span style=\"font-size: large\">\u00a0<\/span><\/p>\n<p>&nbsp;<\/p>\n<p>&nbsp;<\/p>\n<p>&nbsp;<\/p>\n<p><span style=\"font-size: large\"><em><span style=\"color: #000000;font-family: Calibri\">Et un riche d\u00e9bat\u00a0ensuite \u2026<\/span><\/em><\/span><\/p>\n<ul>\n<li><span style=\"color: #000000\">Pour oser parler d\u2019affectivit\u00e9, de relation, de sexualit\u00e9\u00a0;<\/span><\/li>\n<li><span style=\"color: #000000\">Pour sensibiliser chacun\u00a0: parents, professionnels, personnes handicap\u00e9es, public tout venant\u00a0;<\/span><\/li>\n<li><span style=\"color: #000000\">Pour essayer de faire face aux pr\u00e9occupations et difficult\u00e9s quotidiennes\u00a0;<\/span><\/li>\n<li><span style=\"color: #000000\">Pour reconna\u00eetre les ressources propres \u00e0 chacun, et celles, en premier lieu, des personnes en situation de handicap\u00a0;<\/span><\/li>\n<li><span style=\"color: #000000\">Pour prendre conscience des freins, des peurs, des r\u00e9sistances.<\/span><\/li>\n<\/ul>\n<p><span style=\"color: #000000\">\u00ab\u00a0Aimer, \u00eatre aim\u00e9\u00a0\u00bb, \u00ab\u00a0D\u00e9sirer, \u00eatre d\u00e9sir\u00e9\u00a0\u00bb, revendiquer son autonomie, prendre son envol sont des questions qui concernent tout le monde, y compris les personnes porteuses d\u2019une d\u00e9ficience intellectuelle\u00a0; m\u00eame si, parfois, le handicap complique les choses (les besoins et \u00e9lans peuvent s\u2019expriment avec des codes diff\u00e9rents\u00a0; la pudeur peut s\u2019absenter car l\u2019intimit\u00e9 n\u2019est que partiellement \u00e9labor\u00e9e\u00a0; \u2026). Trouver l\u2019\u00e9quilibre entre faire confiance et prot\u00e9ger est parfois compliqu\u00e9\u00a0!<\/span><\/p>\n<p><span style=\"color: #000000\">En effet, l\u2019amour s\u2019apprend<\/span><span style=\"color: #000000\"> \u2026 qu\u2019on soit un homme, une femme, un enfant, une personne \u00e2g\u00e9e, une personne handicap\u00e9e \u2026\u00a0: se conna\u00eetre, conna\u00eetre son corps, reconna\u00eetre et vivre des \u00e9motions, apprendre l\u2019intimit\u00e9, la pudeur, le respect, \u2026 <\/span><\/p>\n<p><span style=\"color: #000000\">En conclusion, soutenir l\u2019acc\u00e8s aux champs d\u2019expression de la sexualit\u00e9, dans sa globalit\u00e9 (plan affectif, relationnel et sexuel) est une responsabilit\u00e9 partag\u00e9e\u00a0: <\/span><\/p>\n<p align=\"center\"><span style=\"color: #ff0000\">Nous sommes tous concern\u00e9s\u00a0: personnes en situation de handicap, parents et professionnels. Ensemble\u00a0!<a href=\"http:\/\/www.leshautesardennes.be\/sah\/files\/2015\/05\/cin\u00e92.png\"><img loading=\"lazy\" decoding=\"async\" class=\"size-full wp-image-720 aligncenter\" src=\"http:\/\/www.leshautesardennes.be\/sah\/files\/2015\/05\/cin\u00e92.png\" alt=\"\" width=\"395\" height=\"195\" srcset=\"https:\/\/www.leshautesardennes.be\/sah\/files\/2015\/05\/cin\u00e92.png 395w, https:\/\/www.leshautesardennes.be\/sah\/files\/2015\/05\/cin\u00e92-300x148.png 300w\" sizes=\"auto, (max-width: 395px) 100vw, 395px\" \/><\/a><\/span><\/p>\n<p><em><span style=\"color: #000000;font-family: Calibri\"><span style=\"font-size: large\">Quelques r\u00e9actions dans le public\u00a0\u2026<\/span> <\/span><\/em><\/p>\n<p><em><span style=\"color: #000000;font-family: Calibri\">\u00a0<\/span><\/em><\/p>\n<ul>\n<li><em><span style=\"color: #000000\">\u00ab\u00a0Si deux personnes normales peuvent s\u2019aimer alors deux personnes avec un handicap peuvent s\u2019aimer aussi\u00a0\u00bb<\/span><\/em><span style=\"color: #000000\">, nous fait remarquer une jeune spectatrice.<\/span>\n<p><span style=\"color: #000000\">\u00a0<\/span><\/li>\n<li><em><span style=\"color: #000000\">\u00ab\u00a0Martin, dans le film, \u00e9tait tout nu, il a enlev\u00e9 son pantalon mais apr\u00e8s on n\u2019a pas vu\u00a0\u00bb<\/span><\/em><span style=\"color: #000000\"> souligne un spectateur. <\/span><em><span style=\"color: #000000;font-family: Wingdings\">\u00e0<\/span><\/em><span style=\"font-size: medium\"><span style=\"color: #000000\">\u00a0<em><span style=\"font-size: small\">\u00ab\u00a0C&rsquo;est normal, cela appartient \u00e0 son intimit\u00e9, avec Gabrielle\u00a0\u00bb<\/span><\/em><\/span><em><span style=\"color: #000000;font-family: Times New Roman\">\u00a0<\/span><\/em><\/span><span style=\"color: #000000\">explique Anne Dasnoy.<\/span><em><\/em>\n<p><em><span style=\"color: #000000\">\u00a0<\/span><\/em><\/li>\n<li><em><span style=\"color: #000000\">\u00ab\u00a0Le film \u00e9tait tr\u00e8s beau, je vis avec ma copine dans un appartement supervis\u00e9 et je suis tr\u00e8s heureux, merci beaucoup \u00e0 mes \u00e9ducateurs\u00a0\u00bb<\/span><\/em><span style=\"color: #000000\">.<\/span>\n<p><em><span style=\"color: #000000\">\u00a0<\/span><\/em><\/li>\n<li><em><span style=\"color: #000000\">\u00ab\u00a0J\u2019ai 47 ans, je travaille dans une cr\u00e8che avec des enfants, \u00e7a me fait grandir \u00e0 l\u2019int\u00e9rieur.<\/span><span style=\"color: #000000;font-family: Times New Roman\">\u00a0 <\/span><span style=\"color: #000000\">Mes parents m\u2019ont op\u00e9r\u00e9e. J\u2019ai r\u00eav\u00e9 d\u2019\u00eatre maman donc c\u2019est comme si c\u2019\u00e9taient mes propres enfants.\u00a0\u00bb<\/span><\/em>\n<p><em><span style=\"color: #000000\">\u00a0<\/span><\/em><\/li>\n<li><em><span style=\"color: #000000\">\u00ab\u00a0Je travaille depuis 30 ans. Avant, on consid\u00e9rait les personnes handicap\u00e9es comme des personnes sans sexe. On s\u2019est battu et tout doucement nous arrivons \u00e0 dire que les<\/span><span style=\"color: #000000\"> personnes handicap\u00e9es sont des personnes \u00e0 part enti\u00e8re et qu&rsquo;elles ont le droit d&rsquo;exprimer leurs sentiments, de vivre leur sexualit\u00e9. Ce combat n&rsquo;est pas encore gagn\u00e9 mais nous avan\u00e7ons <\/span><\/em><span style=\"font-size: medium\"><span style=\"color: #000000;font-family: Times New Roman\">\u00bb, <\/span><\/span><span style=\"color: #000000\">nous partage une \u00e9ducatrice venant d\u2019une autre institution.<\/span>\n<p><em><span style=\"color: #000000\">\u00a0<\/span><\/em><\/li>\n<li><em><span style=\"color: #000000\">\u00ab\u00a0\u00c7a m\u2019a plu le film, mais je trouve que les parents auraient d\u00fb laisser faire les choses\u00a0: ils ne se seraient pas cach\u00e9s\u00a0\u00bb<\/span><\/em><span style=\"color: #000000\">, propose une personne convaincue.<\/span><\/li>\n<\/ul>\n<p><span style=\"color: #000000\">\u00a0<\/span><\/p>\n<p><span style=\"font-size: large\"><em><span style=\"color: #000000;font-family: Calibri\">Merci<\/span><\/em><span style=\"color: #000000\"> \u2026<\/span><\/span><\/p>\n<p><span style=\"color: #000000\">Les animateurs du projet VARS tiennent \u00e0 remercier l\u2019animatrice et formatrice Anne Dasnoy, le cin\u00e9 Versailles de Stavelot, les associations qui ont activement particip\u00e9 au cin\u00e9-d\u00e9bat, \u00ab\u00a0Le Relais\u00a0\u00bb de Malm\u00e9dy, \u00ab\u00a0Le Ch\u00e8vrefeuille\u00a0\u00bb de Spa, \u00ab\u00a0Institut ACIS Clairval\u00a0\u00bb de Barvaux, \u00ab\u00a0Andage\u00a0\u00bb de Bastogne ainsi que toutes les personnes qui ont soutenu et rendu ce projet possible.<\/span><\/p>\n<p><span style=\"color: #000000\">Le film, le d\u00e9bat, la pr\u00e9sence et l\u2019int\u00e9r\u00eat que nous portons aux diff\u00e9rents \u00e9v\u00e9nements organis\u00e9s en rapport avec la vie affective, relationnelle et sexuelle, font de nous des t\u00e9moins soucieux de faire avancer les choses.<\/span><\/p>\n<p><span style=\"color: #000000\">\u00a0<\/span><\/p>\n<p><span style=\"font-family: Times New Roman\"><span style=\"color: #000000\">\u00a0\u00a0\u00a0\u00a0\u00a0\u00a0\u00a0\u00a0\u00a0\u00a0\u00a0\u00a0\u00a0\u00a0\u00a0\u00a0\u00a0\u00a0\u00a0\u00a0\u00a0\u00a0\u00a0\u00a0\u00a0\u00a0\u00a0\u00a0\u00a0\u00a0\u00a0\u00a0\u00a0\u00a0\u00a0\u00a0\u00a0\u00a0\u00a0\u00a0\u00a0\u00a0\u00a0\u00a0\u00a0\u00a0\u00a0\u00a0\u00a0\u00a0\u00a0\u00a0\u00a0\u00a0\u00a0\u00a0\u00a0\u00a0 <\/span><span style=\"color: #000000\">\u00a0\u00a0\u00a0\u00a0\u00a0\u00a0\u00a0\u00a0\u00a0\u00a0\u00a0 <\/span><\/span><span style=\"color: #000000\">L\u2019\u00e9quipe <\/span><span style=\"color: #000000;font-family: Times New Roman\">\u00a0<\/span><span style=\"color: #000000\">\u00ab\u00a0VARS\u00a0\u00bb<\/span><span style=\"color: #000000;font-family: Times New Roman\">\u00a0 <\/span><span style=\"color: #000000\">des Hautes \u2013Ardennes.<\/span><\/p>\n<p><a href=\"http:\/\/www.leshautesardennes.be\/sah\/files\/2015\/05\/cin\u00e9.png\"><img loading=\"lazy\" decoding=\"async\" src=\"http:\/\/www.leshautesardennes.be\/sah\/files\/2015\/05\/cin\u00e9.png\" alt=\"\" width=\"395\" height=\"173\" \/><\/a><\/p>\n","protected":false},"excerpt":{"rendered":"<p>Un film&#8230; &nbsp; &nbsp; &nbsp; &nbsp; &nbsp; \u00a0 &nbsp; &nbsp; &nbsp; Et un riche d\u00e9bat\u00a0ensuite \u2026 Pour oser parler d\u2019affectivit\u00e9, de relation, de sexualit\u00e9\u00a0; Pour sensibiliser chacun\u00a0: parents, professionnels, personnes handicap\u00e9es, public tout venant\u00a0; Pour essayer de faire face aux &hellip; <a href=\"https:\/\/www.leshautesardennes.be\/sah\/2015\/05\/20\/ce-8-mai-2015-cine-debat-organise-par-lasbl-les-hautes-ardennes-au-cine-versailles-a-stavelot\/\">Continuer la lecture <span class=\"meta-nav\">&rarr;<\/span><\/a><\/p>\n","protected":false},"author":8,"featured_media":0,"comment_status":"closed","ping_status":"open","sticky":false,"template":"","format":"standard","meta":{"_acf_changed":false,"footnotes":""},"categories":[1],"tags":[],"class_list":["post-716","post","type-post","status-publish","format-standard","hentry","category-non-classe"],"acf":[],"_links":{"self":[{"href":"https:\/\/www.leshautesardennes.be\/sah\/wp-json\/wp\/v2\/posts\/716","targetHints":{"allow":["GET"]}}],"collection":[{"href":"https:\/\/www.leshautesardennes.be\/sah\/wp-json\/wp\/v2\/posts"}],"about":[{"href":"https:\/\/www.leshautesardennes.be\/sah\/wp-json\/wp\/v2\/types\/post"}],"author":[{"embeddable":true,"href":"https:\/\/www.leshautesardennes.be\/sah\/wp-json\/wp\/v2\/users\/8"}],"replies":[{"embeddable":true,"href":"https:\/\/www.leshautesardennes.be\/sah\/wp-json\/wp\/v2\/comments?post=716"}],"version-history":[{"count":21,"href":"https:\/\/www.leshautesardennes.be\/sah\/wp-json\/wp\/v2\/posts\/716\/revisions"}],"predecessor-version":[{"id":742,"href":"https:\/\/www.leshautesardennes.be\/sah\/wp-json\/wp\/v2\/posts\/716\/revisions\/742"}],"wp:attachment":[{"href":"https:\/\/www.leshautesardennes.be\/sah\/wp-json\/wp\/v2\/media?parent=716"}],"wp:term":[{"taxonomy":"category","embeddable":true,"href":"https:\/\/www.leshautesardennes.be\/sah\/wp-json\/wp\/v2\/categories?post=716"},{"taxonomy":"post_tag","embeddable":true,"href":"https:\/\/www.leshautesardennes.be\/sah\/wp-json\/wp\/v2\/tags?post=716"}],"curies":[{"name":"wp","href":"https:\/\/api.w.org\/{rel}","templated":true}]}}