{"id":698,"date":"2015-05-06T09:09:03","date_gmt":"2015-05-06T07:09:03","guid":{"rendered":"http:\/\/www.leshautesardennes.be\/sah\/?p=698"},"modified":"2015-05-06T14:17:37","modified_gmt":"2015-05-06T12:17:37","slug":"concert-de-raphy-rafael-du-jeudi-23-avril-2015-2","status":"publish","type":"post","link":"https:\/\/www.leshautesardennes.be\/sah\/2015\/05\/06\/concert-de-raphy-rafael-du-jeudi-23-avril-2015-2\/","title":{"rendered":"Concert de Raphy Rafa\u00ebl du jeudi 23 avril 2015"},"content":{"rendered":"<p><a href=\"http:\/\/www.leshautesardennes.be\/sah\/files\/2015\/05\/Image10.png\"><img loading=\"lazy\" decoding=\"async\" class=\"aligncenter size-full wp-image-712\" src=\"http:\/\/www.leshautesardennes.be\/sah\/files\/2015\/05\/Image10.png\" alt=\"\" width=\"460\" height=\"267\" srcset=\"https:\/\/www.leshautesardennes.be\/sah\/files\/2015\/05\/Image10.png 460w, https:\/\/www.leshautesardennes.be\/sah\/files\/2015\/05\/Image10-300x174.png 300w\" sizes=\"auto, (max-width: 460px) 100vw, 460px\" \/><\/a><\/p>\n<p>Lors d&rsquo;un concert priv\u00e9 et intimiste, la journ\u00e9e du jeudi 23 avril aux Hautes Ardennes a vibr\u00e9 sur les notes de musique et les paroles des chansons du chanteur Raphy Rafa\u00ebl.<\/p>\n<p>Dans le cadre du projet VARS (Vie affective, relationnelle et sexuelle), les animateurs ont concoct\u00e9 une journ\u00e9e riche en \u00e9motions et en rencontres pour 22 b\u00e9n\u00e9ficiaires des services de l&rsquo;asbl \u00ab\u00a0Les Hautes Ardennes\u00a0\u00bb et une dizaine de b\u00e9n\u00e9ficiaires du \u00ab\u00a0Relais\u00a0\u00bb de Malm\u00e9dy.<\/p>\n<p>La journ\u00e9e s&rsquo;est d\u00e9clin\u00e9e sous diff\u00e9rentes animations. En matin\u00e9e, r\u00e9flexion et discussion sur les th\u00e8mes de la vie de couple, l&rsquo;\u00e9panouissement personnel, le projet de vie, avec comme support quelques extraits du film \u00ab\u00a0A nos amours\u00a0\u00bb r\u00e9alis\u00e9 par la Maisonn\u00e9e \u00e0 Ittre.<\/p>\n<p><a href=\"http:\/\/www.leshautesardennes.be\/sah\/files\/2015\/05\/Image7.png\"><img loading=\"lazy\" decoding=\"async\" style=\"width: 210px;height: 125px\" src=\"http:\/\/www.leshautesardennes.be\/sah\/files\/2015\/05\/Image7.png\" alt=\"\" width=\"459\" height=\"279\" \/><\/a><a href=\"http:\/\/www.leshautesardennes.be\/sah\/files\/2015\/05\/Image6.png\"><img loading=\"lazy\" decoding=\"async\" class=\"alignleft\" style=\"width: 183px;height: 123px\" src=\"http:\/\/www.leshautesardennes.be\/sah\/files\/2015\/05\/Image6-1024x694.png\" alt=\"\" width=\"640\" height=\"274\" \/><\/a><\/p>\n<p style=\"text-align: left\">Petite pause de midi dans la bonne humeur ambiante avec la joie d&rsquo;accueillir d&rsquo;autres camarades et de rencontrer Raphy Rafa\u00ebl.<\/p>\n<p>A pr\u00e9sent place au concert, le chanteur est pr\u00eat \u00e0 pr\u00e9senter et animer son\u00a0 r\u00e9pertoire inspir\u00e9 par le public impatient.<\/p>\n<p>Durant une heure, avec un langage simple et clair, l&rsquo;artiste a abord\u00e9 diff\u00e9rents sujets comme le handicap, l&rsquo;amour, la diff\u00e9rence, la vie, la mort, le rapport \u00e0 la nature, &#8230; Il n&rsquo;a pas h\u00e9sit\u00e9 \u00e0 interpeller les spectateurs avec les chor\u00e9graphies gestuelles et\u00a0\u00e0 improviser un duo sur sc\u00e8ne assez m\u00e9morable.<\/p>\n<p><a href=\"http:\/\/www.leshautesardennes.be\/sah\/files\/2015\/05\/Image8.png\"><img loading=\"lazy\" decoding=\"async\" class=\"aligncenter\" style=\"width: 296px;height: 162px\" src=\"http:\/\/www.leshautesardennes.be\/sah\/files\/2015\/05\/Image8.png\" alt=\"\" width=\"458\" height=\"201\" \/><\/a><\/p>\n<p>Quelques impressions du public :<\/p>\n<p>\u00ab\u00a0J&rsquo;ai oubli\u00e9 mon handicap quand tu chantes cette chansons sur la diff\u00e9rence\u00a0\u00bb<\/p>\n<p>\u00ab\u00a0Les personnes handicap\u00e9es ont aussi des sentiments\u00a0\u00bb<\/p>\n<p>\u00ab\u00a0On peut \u00eatre heureux sans \u00eatre amoureux\u00a0\u00bb<\/p>\n<p>\u00ab\u00a0On a besoin de recevoir et de donner des bisous, maintenant qu&rsquo;on peut au centre de jour, c&rsquo;est beaucoup mieux, \u00e7a m&rsquo;a fait du bien\u00a0\u00bb<\/p>\n<p>\u00ab\u00a0On ne choisit pas de qui on tombe amoureux\u00a0\u00bb<\/p>\n<p>L&rsquo;impression d&rsquo;une animatrice satisfaite et enchant\u00e9e de cet \u00e9v\u00e9nement : \u00ab\u00a0Lors de nos animations au quotidien, on a l&rsquo;impression que c&rsquo;est lent, qu&rsquo;on n&rsquo;avance pas. Par contre quand on sort du cadre, dans un autre contexte, on se rend compte qu&rsquo;il y a une grande maturit\u00e9 affective chez les personnes que nous accompagnons ainsi qu&rsquo;une compr\u00e9hension intuitive impressionnante chez elles.\u00a0\u00bb<\/p>\n<p>En les remerciant pour cette journ\u00e9e \u00e9mouvante et captivante, nous laissons le mot de la fin \u00e0 nos invit\u00e9s Anne Dasnoy, animatrice, et Raphy Rafa\u00ebl.<\/p>\n<p>\u00ab\u00a0Nous sommes tous vivants. C&rsquo;est pour cela que nous avons peur, que nous sommes tristes, amoureux, f\u00e2ch\u00e9s,&#8230; C&rsquo;est important de se sentir vivant.\u00a0\u00bb<\/p>\n<p><a href=\"http:\/\/www.leshautesardennes.be\/sah\/files\/2015\/05\/Image9.png\"><img loading=\"lazy\" decoding=\"async\" class=\"aligncenter\" style=\"width: 222px;height: 188px\" src=\"http:\/\/www.leshautesardennes.be\/sah\/files\/2015\/05\/Image9.png\" alt=\"\" width=\"446\" height=\"263\" \/><\/a><\/p>\n","protected":false},"excerpt":{"rendered":"<p>Lors d&rsquo;un concert priv\u00e9 et intimiste, la journ\u00e9e du jeudi 23 avril aux Hautes Ardennes a vibr\u00e9 sur les notes de musique et les paroles des chansons du chanteur Raphy Rafa\u00ebl. Dans le cadre du projet VARS (Vie affective, relationnelle &hellip; <a href=\"https:\/\/www.leshautesardennes.be\/sah\/2015\/05\/06\/concert-de-raphy-rafael-du-jeudi-23-avril-2015-2\/\">Continuer la lecture <span class=\"meta-nav\">&rarr;<\/span><\/a><\/p>\n","protected":false},"author":8,"featured_media":0,"comment_status":"closed","ping_status":"open","sticky":false,"template":"","format":"standard","meta":{"_acf_changed":false,"footnotes":""},"categories":[1],"tags":[],"class_list":["post-698","post","type-post","status-publish","format-standard","hentry","category-non-classe"],"acf":[],"_links":{"self":[{"href":"https:\/\/www.leshautesardennes.be\/sah\/wp-json\/wp\/v2\/posts\/698","targetHints":{"allow":["GET"]}}],"collection":[{"href":"https:\/\/www.leshautesardennes.be\/sah\/wp-json\/wp\/v2\/posts"}],"about":[{"href":"https:\/\/www.leshautesardennes.be\/sah\/wp-json\/wp\/v2\/types\/post"}],"author":[{"embeddable":true,"href":"https:\/\/www.leshautesardennes.be\/sah\/wp-json\/wp\/v2\/users\/8"}],"replies":[{"embeddable":true,"href":"https:\/\/www.leshautesardennes.be\/sah\/wp-json\/wp\/v2\/comments?post=698"}],"version-history":[{"count":8,"href":"https:\/\/www.leshautesardennes.be\/sah\/wp-json\/wp\/v2\/posts\/698\/revisions"}],"predecessor-version":[{"id":706,"href":"https:\/\/www.leshautesardennes.be\/sah\/wp-json\/wp\/v2\/posts\/698\/revisions\/706"}],"wp:attachment":[{"href":"https:\/\/www.leshautesardennes.be\/sah\/wp-json\/wp\/v2\/media?parent=698"}],"wp:term":[{"taxonomy":"category","embeddable":true,"href":"https:\/\/www.leshautesardennes.be\/sah\/wp-json\/wp\/v2\/categories?post=698"},{"taxonomy":"post_tag","embeddable":true,"href":"https:\/\/www.leshautesardennes.be\/sah\/wp-json\/wp\/v2\/tags?post=698"}],"curies":[{"name":"wp","href":"https:\/\/api.w.org\/{rel}","templated":true}]}}