{"id":671,"date":"2015-05-04T14:07:14","date_gmt":"2015-05-04T12:07:14","guid":{"rendered":"http:\/\/www.leshautesardennes.be\/sah\/?p=671"},"modified":"2015-05-04T14:07:37","modified_gmt":"2015-05-04T12:07:37","slug":"specials-olympics-du-13-au-16-mai-2015","status":"publish","type":"post","link":"https:\/\/www.leshautesardennes.be\/sah\/2015\/05\/04\/specials-olympics-du-13-au-16-mai-2015\/","title":{"rendered":"SPECIALS OLYMPICS du 13 au 16 mai 2015"},"content":{"rendered":"<p>&nbsp;<\/p>\n<p><a href=\"http:\/\/www.leshautesardennes.be\/sah\/files\/2015\/05\/SOB-banner-2015.jpg\"><img loading=\"lazy\" decoding=\"async\" class=\"size-full wp-image-672 aligncenter\" src=\"http:\/\/www.leshautesardennes.be\/sah\/files\/2015\/05\/SOB-banner-2015.jpg\" alt=\"\" width=\"612\" height=\"153\" srcset=\"https:\/\/www.leshautesardennes.be\/sah\/files\/2015\/05\/SOB-banner-2015.jpg 612w, https:\/\/www.leshautesardennes.be\/sah\/files\/2015\/05\/SOB-banner-2015-300x75.jpg 300w\" sizes=\"auto, (max-width: 612px) 100vw, 612px\" \/><\/a>\u00a0\u00a0\u00a0\u00a0\u00a0\u00a0\u00a0\u00a0\u00a0\u00a0\u00a0\u00a0\u00a0\u00a0\u00a0\u00a0\u00a0\u00a0\u00a0\u00a0\u00a0\u00a0\u00a0\u00a0\u00a0\u00a0\u00a0<strong>\u00a0<em> \u00ab\u00a0La confiance en\u00a0soi<\/em><\/strong><strong><em>\u00a0est la plus belle des victoires\u00a0\u00bb<\/em><\/strong><\/p>\n<p>Depuis plus de 25 ans, l&rsquo;asbl \u00ab\u00a0Les Hautes Ardennes\u00a0\u00bb participe activement aux Specials Olympics.<\/p>\n<p>Durant toute l&rsquo;ann\u00e9e, nos athl\u00e8tes se pr\u00e9parent, coach\u00e9s par Brigitte, \u00e0 cet \u00e9v\u00e9nement cher \u00e0 leur c\u0153ur. Qu&rsquo;il vente ou qu&rsquo;il pleuve, ils sont pr\u00e9sents autour du plan d&rsquo;eau \u00e0 se battre contre le chrono, \u00e0 s&rsquo;exercer dans l&rsquo;eau \u00e0 la\u00a0piscine ou devant une table de tennis de table.<\/p>\n<p>A quelques jours de l&rsquo;\u00e9v\u00e9nement, notre \u00e9quipe est pr\u00eate et motiv\u00e9e plus que jamais \u00e0 fouler les diff\u00e9rent sites de Woluwe. Encadr\u00e9 par\u00a0une \u00e9quipe d&rsquo;\u00e9ducateurs, ils vont participer aux disciplines suivantes.<\/p>\n<p><span style=\"text-decoration: underline\"><img loading=\"lazy\" decoding=\"async\" class=\"aligncenter  wp-image-673 alignleft\" style=\"width: 78px;height: 81px\" src=\"http:\/\/www.leshautesardennes.be\/sah\/files\/2015\/05\/Swimming.jpg\" alt=\"\" width=\"250\" height=\"148\" \/><\/span><a href=\"http:\/\/www.leshautesardennes.be\/sah\/files\/2015\/05\/Atletiek.jpg\"><img loading=\"lazy\" decoding=\"async\" style=\"width: 141px;height: 81px\" src=\"http:\/\/www.leshautesardennes.be\/sah\/files\/2015\/05\/Atletiek.jpg\" alt=\"\" width=\"250\" height=\"81\" \/><\/a><a href=\"http:\/\/www.leshautesardennes.be\/sah\/files\/2015\/05\/Tabeltennis.jpg\"><img loading=\"lazy\" decoding=\"async\" style=\"width: 124px;height: 87px\" src=\"http:\/\/www.leshautesardennes.be\/sah\/files\/2015\/05\/Tabeltennis.jpg\" alt=\"\" width=\"250\" height=\"87\" \/><\/a><a href=\"http:\/\/www.leshautesardennes.be\/sah\/files\/2015\/05\/MotActivities.jpg\"><img loading=\"lazy\" decoding=\"async\" style=\"width: 98px;height: 63px\" src=\"http:\/\/www.leshautesardennes.be\/sah\/files\/2015\/05\/MotActivities.jpg\" alt=\"\" width=\"250\" height=\"63\" \/><\/a><\/p>\n<p>Natation : 33 m et 66 m<\/p>\n<p>Athl\u00e9tisme : 50 m, 1500m, saut en longueur sans \u00e9lan et le lancer du poids.<\/p>\n<p>Tennis de table : en simple<\/p>\n<p>Torch Run : course de 5km<\/p>\n<p>Activit\u00e9s motrices, courses de relais<\/p>\n<p>Dans une ambiance festive avec une envie folle de se d\u00e9passer, nos athl\u00e8tes ont besoin de vos encouragements.<\/p>\n<p>Vous trouverez les horaires sur le lien suivant : <a href=\"http:\/\/www.special-olympics.be\/jeux-nationaux-2015\/\">http:\/\/www.special-olympics.be\/jeux-nationaux-2015\/<\/a><\/p>\n<p style=\"text-align: left\">\u00a0\u00a0\u00a0\u00a0\u00a0\u00a0\u00a0\u00a0\u00a0\u00a0\u00a0\u00a0\u00a0\u00a0\u00a0\u00a0\u00a0\u00a0\u00a0\u00a0\u00a0\u00a0\u00a0\u00a0\u00a0\u00a0\u00a0\u00a0\u00a0\u00a0\u00a0\u00a0\u00a0\u00a0\u00a0\u00a0\u00a0\u00a0\u00a0\u00a0\u00a0\u00a0\u00a0\u00a0\u00a0\u00a0\u00a0\u00a0\u00a0\u00a0\u00a0\u00a0\u00a0\u00a0\u00a0\u00a0\u00a0\u00a0\u00a0\u00a0\u00a0\u00a0\u00a0\u00a0\u00a0\u00a0\u00a0\u00a0\u00a0\u00a0\u00a0\u00a0\u00a0\u00a0\u00a0\u00a0\u00a0 Bonne chance \u00e0 tous<\/p>\n<p><a href=\"http:\/\/www.leshautesardennes.be\/sah\/files\/2015\/05\/540939_4197153006620_2145726079_n11.jpg\"><img loading=\"lazy\" decoding=\"async\" class=\"alignright\" style=\"width: 119px;height: 107px\" src=\"http:\/\/www.leshautesardennes.be\/sah\/files\/2015\/05\/540939_4197153006620_2145726079_n11.jpg\" alt=\"\" width=\"960\" height=\"720\" \/><\/a><a href=\"http:\/\/www.leshautesardennes.be\/sah\/files\/2015\/05\/IMG_1164.jpg\"><img loading=\"lazy\" decoding=\"async\" class=\"alignleft\" style=\"width: 193px;height: 137px\" src=\"http:\/\/www.leshautesardennes.be\/sah\/files\/2015\/05\/IMG_1164.jpg\" alt=\"\" width=\"448\" height=\"299\" \/><\/a><strong>Nos athl\u00e8tes : Martine, Kevin, Tony, Florent, Vincent, Alain, Brigitte, Philippe, Jean-Michel, Fr\u00e9d\u00e9rique, Dimitri, Marie-Claire et Fabienne.<\/strong><\/p>\n<p><strong>Nos \u00e9ducateurs : Brigitte (coach), Julie (responsable), Maxime, Christine et Kristelle.<\/strong><\/p>\n<p>&nbsp;<\/p>\n<p>&nbsp;<\/p>\n<p><strong>\u00a0\u00a0\u00a0\u00a0\u00a0\u00a0\u00a0\u00a0\u00a0\u00a0\u00a0\u00a0\u00a0\u00a0\u00a0\u00a0\u00a0\u00a0\u00a0\u00a0\u00a0<\/strong><\/p>\n<p>&nbsp;<\/p>\n<p>&nbsp;<\/p>\n","protected":false},"excerpt":{"rendered":"<p>&nbsp; \u00a0\u00a0\u00a0\u00a0\u00a0\u00a0\u00a0\u00a0\u00a0\u00a0\u00a0\u00a0\u00a0\u00a0\u00a0\u00a0\u00a0\u00a0\u00a0\u00a0\u00a0\u00a0\u00a0\u00a0\u00a0\u00a0\u00a0\u00a0 \u00ab\u00a0La confiance en\u00a0soi\u00a0est la plus belle des victoires\u00a0\u00bb Depuis plus de 25 ans, l&rsquo;asbl \u00ab\u00a0Les Hautes Ardennes\u00a0\u00bb participe activement aux Specials Olympics. Durant toute l&rsquo;ann\u00e9e, nos athl\u00e8tes se pr\u00e9parent, coach\u00e9s par Brigitte, \u00e0 cet \u00e9v\u00e9nement cher \u00e0 leur &hellip; <a href=\"https:\/\/www.leshautesardennes.be\/sah\/2015\/05\/04\/specials-olympics-du-13-au-16-mai-2015\/\">Continuer la lecture <span class=\"meta-nav\">&rarr;<\/span><\/a><\/p>\n","protected":false},"author":8,"featured_media":0,"comment_status":"closed","ping_status":"open","sticky":false,"template":"","format":"aside","meta":{"_acf_changed":false,"footnotes":""},"categories":[1],"tags":[],"class_list":["post-671","post","type-post","status-publish","format-aside","hentry","category-non-classe","post_format-post-format-aside"],"acf":[],"_links":{"self":[{"href":"https:\/\/www.leshautesardennes.be\/sah\/wp-json\/wp\/v2\/posts\/671","targetHints":{"allow":["GET"]}}],"collection":[{"href":"https:\/\/www.leshautesardennes.be\/sah\/wp-json\/wp\/v2\/posts"}],"about":[{"href":"https:\/\/www.leshautesardennes.be\/sah\/wp-json\/wp\/v2\/types\/post"}],"author":[{"embeddable":true,"href":"https:\/\/www.leshautesardennes.be\/sah\/wp-json\/wp\/v2\/users\/8"}],"replies":[{"embeddable":true,"href":"https:\/\/www.leshautesardennes.be\/sah\/wp-json\/wp\/v2\/comments?post=671"}],"version-history":[{"count":14,"href":"https:\/\/www.leshautesardennes.be\/sah\/wp-json\/wp\/v2\/posts\/671\/revisions"}],"predecessor-version":[{"id":694,"href":"https:\/\/www.leshautesardennes.be\/sah\/wp-json\/wp\/v2\/posts\/671\/revisions\/694"}],"wp:attachment":[{"href":"https:\/\/www.leshautesardennes.be\/sah\/wp-json\/wp\/v2\/media?parent=671"}],"wp:term":[{"taxonomy":"category","embeddable":true,"href":"https:\/\/www.leshautesardennes.be\/sah\/wp-json\/wp\/v2\/categories?post=671"},{"taxonomy":"post_tag","embeddable":true,"href":"https:\/\/www.leshautesardennes.be\/sah\/wp-json\/wp\/v2\/tags?post=671"}],"curies":[{"name":"wp","href":"https:\/\/api.w.org\/{rel}","templated":true}]}}