{"id":644,"date":"2015-04-14T09:34:15","date_gmt":"2015-04-14T07:34:15","guid":{"rendered":"http:\/\/www.leshautesardennes.be\/sah\/?p=644"},"modified":"2015-04-14T11:27:18","modified_gmt":"2015-04-14T09:27:18","slug":"le-vendredi-8-mai-2015-cine-debat","status":"publish","type":"post","link":"https:\/\/www.leshautesardennes.be\/sah\/2015\/04\/14\/le-vendredi-8-mai-2015-cine-debat\/","title":{"rendered":"Le vendredi 8 mai 2015 : Cin\u00e9-D\u00e9bat"},"content":{"rendered":"<p><a href=\"http:\/\/www.leshautesardennes.be\/sah\/files\/2015\/04\/2013_10_04__17_07_alexandre_lamy__gabrielle_marion_rivard_film_cinema_louise_archambault_vivre_fm_christophe_bougnot_journaliste.jpg\"><img loading=\"lazy\" decoding=\"async\" style=\"width: 171px;height: 139px\" src=\"http:\/\/www.leshautesardennes.be\/sah\/files\/2015\/04\/2013_10_04__17_07_alexandre_lamy__gabrielle_marion_rivard_film_cinema_louise_archambault_vivre_fm_christophe_bougnot_journaliste.jpg\" alt=\"\" width=\"340\" height=\"245\" \/><\/a><img loading=\"lazy\" decoding=\"async\" class=\"alignright\" style=\"width: 401px;height: 124px\" src=\"http:\/\/www.leshautesardennes.be\/sah\/files\/2015\/04\/imagesWS1452PQ-e1428993268991.jpg\" alt=\"imagesWS1452PQ\" width=\"332\" height=\"151\" \/><\/p>\n<p><span style=\"font-size: medium\">Tous \u00e0 vos agendas,<\/span><\/p>\n<p><span style=\"font-size: medium\">Dans le cadre des projets \u00ab\u00a0Vie affective\u00a0\u00bb, l\u2019asbl Les Hautes Ardennes vous convie \u00e0 partager un moment cin\u00e9ma.<\/span><\/p>\n<p><span style=\"font-size: medium\">Le vendredi 8 mai 2015, au Cin\u00e9 Versailles \u00e0 Stavelot, venez nombreux tomber en amour avec \u00ab\u00a0Gabrielle\u00a0\u00bb.<\/span><\/p>\n<p><span style=\"font-size: medium\">\u00a0Programme\u00a0:<\/span><\/p>\n<p><span style=\"font-size: medium\">19h\u00a0: Projection du film<\/span><\/p>\n<p><span style=\"font-size: medium\">20h45\u00a0: D\u00e9bat anim\u00e9 par Florence Dasnoy, formatrice et consultante en vie affective et sexualit\u00e9.<\/span><\/p>\n<p><span style=\"font-size: medium\">L\u2019\u00e9quipe \u00ab\u00a0VARS\u00a0\u00bb et la direction tiennent \u00e0 remercier chaleureusement l\u2019association des parents ainsi que l\u2019AWIPH pour leur pr\u00e9cieuse aide.<\/span><\/p>\n<p><span style=\"font-size: medium\">Pour de plus amples informations, consultez la brochure.<\/span><\/p>\n<div id='gallery-1' class='gallery galleryid-644 gallery-columns-4 gallery-size-thumbnail'><dl class='gallery-item'>\n\t\t\t<dt class='gallery-icon landscape'>\n\t\t\t\t<a href='https:\/\/www.leshautesardennes.be\/sah\/files\/2015\/04\/Cin\u00e9d\u00e9bat1.jpg'><img loading=\"lazy\" decoding=\"async\" width=\"150\" height=\"150\" src=\"https:\/\/www.leshautesardennes.be\/sah\/files\/2015\/04\/Cin\u00e9d\u00e9bat1-150x150.jpg\" class=\"attachment-thumbnail size-thumbnail\" alt=\"\" \/><\/a>\n\t\t\t<\/dt><\/dl><dl class='gallery-item'>\n\t\t\t<dt class='gallery-icon landscape'>\n\t\t\t\t<a href='https:\/\/www.leshautesardennes.be\/sah\/files\/2015\/04\/Cin\u00e9d\u00e9bat2.jpg'><img loading=\"lazy\" decoding=\"async\" width=\"150\" height=\"150\" src=\"https:\/\/www.leshautesardennes.be\/sah\/files\/2015\/04\/Cin\u00e9d\u00e9bat2-150x150.jpg\" class=\"attachment-thumbnail size-thumbnail\" alt=\"\" \/><\/a>\n\t\t\t<\/dt><\/dl>\n\t\t\t<br style='clear: both' \/>\n\t\t<\/div>\n\n<p>&nbsp;<\/p>\n<p>&nbsp;<\/p>\n<p><img decoding=\"async\" src=\"http:\/\/www.leshautesardennes.be\/sah\/wp-includes\/js\/tinymce\/plugins\/wpgallery\/img\/t.gif\" alt=\"\" \/><\/p>\n<p><img decoding=\"async\" src=\"http:\/\/www.leshautesardennes.be\/sah\/wp-includes\/js\/tinymce\/plugins\/wpgallery\/img\/t.gif\" alt=\"\" \/><\/p>\n<p>&nbsp;<\/p>\n<p>&nbsp;<\/p>\n","protected":false},"excerpt":{"rendered":"<p>Tous \u00e0 vos agendas, Dans le cadre des projets \u00ab\u00a0Vie affective\u00a0\u00bb, l\u2019asbl Les Hautes Ardennes vous convie \u00e0 partager un moment cin\u00e9ma. Le vendredi 8 mai 2015, au Cin\u00e9 Versailles \u00e0 Stavelot, venez nombreux tomber en amour avec \u00ab\u00a0Gabrielle\u00a0\u00bb. \u00a0Programme\u00a0: &hellip; <a href=\"https:\/\/www.leshautesardennes.be\/sah\/2015\/04\/14\/le-vendredi-8-mai-2015-cine-debat\/\">Continuer la lecture <span class=\"meta-nav\">&rarr;<\/span><\/a><\/p>\n","protected":false},"author":8,"featured_media":0,"comment_status":"closed","ping_status":"open","sticky":false,"template":"","format":"standard","meta":{"_acf_changed":false,"footnotes":""},"categories":[1],"tags":[],"class_list":["post-644","post","type-post","status-publish","format-standard","hentry","category-non-classe"],"acf":[],"_links":{"self":[{"href":"https:\/\/www.leshautesardennes.be\/sah\/wp-json\/wp\/v2\/posts\/644","targetHints":{"allow":["GET"]}}],"collection":[{"href":"https:\/\/www.leshautesardennes.be\/sah\/wp-json\/wp\/v2\/posts"}],"about":[{"href":"https:\/\/www.leshautesardennes.be\/sah\/wp-json\/wp\/v2\/types\/post"}],"author":[{"embeddable":true,"href":"https:\/\/www.leshautesardennes.be\/sah\/wp-json\/wp\/v2\/users\/8"}],"replies":[{"embeddable":true,"href":"https:\/\/www.leshautesardennes.be\/sah\/wp-json\/wp\/v2\/comments?post=644"}],"version-history":[{"count":20,"href":"https:\/\/www.leshautesardennes.be\/sah\/wp-json\/wp\/v2\/posts\/644\/revisions"}],"predecessor-version":[{"id":666,"href":"https:\/\/www.leshautesardennes.be\/sah\/wp-json\/wp\/v2\/posts\/644\/revisions\/666"}],"wp:attachment":[{"href":"https:\/\/www.leshautesardennes.be\/sah\/wp-json\/wp\/v2\/media?parent=644"}],"wp:term":[{"taxonomy":"category","embeddable":true,"href":"https:\/\/www.leshautesardennes.be\/sah\/wp-json\/wp\/v2\/categories?post=644"},{"taxonomy":"post_tag","embeddable":true,"href":"https:\/\/www.leshautesardennes.be\/sah\/wp-json\/wp\/v2\/tags?post=644"}],"curies":[{"name":"wp","href":"https:\/\/api.w.org\/{rel}","templated":true}]}}