{"id":624,"date":"2015-04-14T08:32:02","date_gmt":"2015-04-14T06:32:02","guid":{"rendered":"http:\/\/www.leshautesardennes.be\/sah\/?p=624"},"modified":"2015-04-14T08:32:02","modified_gmt":"2015-04-14T06:32:02","slug":"week-end-wallonie-bienvenue-le-16-et-17-mai-2015","status":"publish","type":"post","link":"https:\/\/www.leshautesardennes.be\/sah\/2015\/04\/14\/week-end-wallonie-bienvenue-le-16-et-17-mai-2015\/","title":{"rendered":"Week-end Wallonie Bienvenue le 16 et 17 mai 2015"},"content":{"rendered":"<p><a href=\"http:\/\/www.leshautesardennes.be\/sah\/files\/2015\/04\/banner_logo.png\"><img loading=\"lazy\" decoding=\"async\" class=\"aligncenter size-full wp-image-628\" src=\"http:\/\/www.leshautesardennes.be\/sah\/files\/2015\/04\/banner_logo.png\" alt=\"\" width=\"960\" height=\"173\" srcset=\"https:\/\/www.leshautesardennes.be\/sah\/files\/2015\/04\/banner_logo.png 960w, https:\/\/www.leshautesardennes.be\/sah\/files\/2015\/04\/banner_logo-300x54.png 300w\" sizes=\"auto, (max-width: 960px) 100vw, 960px\" \/><\/a><span style=\"font-size: large\"><strong><span style=\"color: #000000;font-family: Calibri\">Partagez les passions, les activit\u00e9s et les tr\u00e9sors des salmiens lors du week-end Wallonie Bienvenue les 16 et 17 mai.<\/span><\/strong><\/span><\/p>\n<p><span style=\"font-size: large\"><strong><span style=\"font-family: Calibri\"><span style=\"color: #000000\">4\u00a0ambassadeurs vous ouvrent leurs portes, venez d\u00e9couvrir leurs particularit\u00e9s <\/span><span style=\"color: #000000\">\u00a0<\/span><span style=\"color: #000000\">\u00e0 l\u2019ancienne caserne de Rencheux.<\/span><\/span><\/strong><\/span><\/p>\n<p><strong><a href=\"http:\/\/www.leshautesardennes.be\/sah\/files\/2015\/04\/mem_10932_23777.jpg\"><img loading=\"lazy\" decoding=\"async\" style=\"width: 101px;height: 96px\" src=\"http:\/\/www.leshautesardennes.be\/sah\/files\/2015\/04\/mem_10932_23777-150x150.jpg\" alt=\"\" width=\"150\" height=\"150\" \/><\/a><strong><span style=\"color: #000000\">Exposition \u00ab\u00a0Ave Luia\u00a0\u00bb<\/span><span style=\"color: #000000\">\u00a0: <\/span><\/strong><\/strong>Exposition collective des artistes de La \u00ab\u00a0S\u00a0\u00bb Grand Atelier autour de la th\u00e9matique de la religion.<br \/>\nPetite d\u00e9gustation de produits locaux<\/p>\n<p><strong><a href=\"http:\/\/www.leshautesardennes.be\/sah\/files\/2015\/04\/mem_10874_24096.jpg\"><img loading=\"lazy\" decoding=\"async\" style=\"width: 108px;height: 122px\" src=\"http:\/\/www.leshautesardennes.be\/sah\/files\/2015\/04\/mem_10874_24096-150x150.jpg\" alt=\"\" width=\"150\" height=\"150\" \/><\/a><\/strong><span style=\"font-family: Calibri\"><strong><span style=\"font-size: large\"><span style=\"color: #000000\">Portes Ouvertes de l\u2019atelier terre<\/span>\u00a0<\/span>: <\/strong>E<\/span>ndroit o\u00f9 l\u2019on vient pour se retrouver et apprendre, partager, travailler, se perfectionner sur la terre glaise. Sculpture, modelage, tour, \u00e9maux, font partie des diverses techniques que nous approchons dans une ambiance cordiale et d\u00e9tendue. Pr\u00e9sentation des travaux et inauguration des nouveaux locaux<\/p>\n<p><strong>Horaire<\/strong><strong>\u00a0<\/strong>: Samedi et dimanche de 10h \u00e0 18h<\/p>\n<p style=\"text-align: left\"><strong>Infos<\/strong>\u00a0: <a href=\"http:\/\/www.lasgrandatelier.be\/\"><span style=\"color: #0000ff\">www.lasgrandatelier.be<\/span><\/a><\/p>\n<p><span style=\"font-family: Calibri;font-size: medium\">Mais aussi\u2026<\/span><\/p>\n<p style=\"text-align: center\"><span style=\"font-family: Calibri;font-size: medium\">Samedi 16 mai <\/span><\/p>\n<p><span style=\"font-size: medium\"><strong><span style=\"font-family: Calibri\">Concert de Elle &amp; Samuel<\/span><\/strong><\/span><\/p>\n<ul>\n<li><span style=\"font-family: Calibri;font-size: medium\">20h Nasty Plan<\/span><\/li>\n<li><span style=\"font-family: Calibri;font-size: medium\">21h30 Elle &amp; Samuel<\/span><\/li>\n<\/ul>\n<p><span style=\"font-size: medium\"><span style=\"font-family: Calibri\">Infos\u00a0: <\/span><a href=\"http:\/\/www.elleetsamuel.be\/\" target=\"_blank\"><span style=\"font-family: Calibri\">http:\/\/www.elleetsamuel.be<\/span><\/a><\/span><\/p>\n<p style=\"text-align: center\"><span style=\"font-family: Calibri;font-size: medium\">Samedi 16 mai et dimanche 17 mai (10h \u00e0 18h)<\/span><\/p>\n<p><span style=\"font-size: medium\"><strong><span style=\"font-family: Calibri\">Pr\u00e9sentation et d\u00e9gustation des vins de H&amp;H<\/span><\/strong><\/span><\/p>\n<p><span style=\"font-size: medium\"><span style=\"font-family: Calibri\"><span style=\"color: #000000\">\u00a0<\/span>Infos\u00a0: <\/span><a href=\"http:\/\/hhvins.com\/wordpressFR341\/\" target=\"_blank\"><span style=\"font-family: Calibri\">http:\/\/hhvins.com\/wordpressFR341\/<\/span><\/a><\/span><\/p>\n<p style=\"text-align: center\"><span style=\"font-size: x-large\">\u00a0<\/span><strong><span style=\"font-family: Calibri\"><a href=\"http:\/\/www.walloniebienvenue.com\/\">http:\/\/www.walloniebienvenue.com\/<\/a><\/span><\/strong><\/p>\n","protected":false},"excerpt":{"rendered":"<p>Partagez les passions, les activit\u00e9s et les tr\u00e9sors des salmiens lors du week-end Wallonie Bienvenue les 16 et 17 mai. 4\u00a0ambassadeurs vous ouvrent leurs portes, venez d\u00e9couvrir leurs particularit\u00e9s \u00a0\u00e0 l\u2019ancienne caserne de Rencheux. Exposition \u00ab\u00a0Ave Luia\u00a0\u00bb\u00a0: Exposition collective des &hellip; <a href=\"https:\/\/www.leshautesardennes.be\/sah\/2015\/04\/14\/week-end-wallonie-bienvenue-le-16-et-17-mai-2015\/\">Continuer la lecture <span class=\"meta-nav\">&rarr;<\/span><\/a><\/p>\n","protected":false},"author":8,"featured_media":0,"comment_status":"closed","ping_status":"open","sticky":false,"template":"","format":"standard","meta":{"_acf_changed":false,"footnotes":""},"categories":[1],"tags":[],"class_list":["post-624","post","type-post","status-publish","format-standard","hentry","category-non-classe"],"acf":[],"_links":{"self":[{"href":"https:\/\/www.leshautesardennes.be\/sah\/wp-json\/wp\/v2\/posts\/624","targetHints":{"allow":["GET"]}}],"collection":[{"href":"https:\/\/www.leshautesardennes.be\/sah\/wp-json\/wp\/v2\/posts"}],"about":[{"href":"https:\/\/www.leshautesardennes.be\/sah\/wp-json\/wp\/v2\/types\/post"}],"author":[{"embeddable":true,"href":"https:\/\/www.leshautesardennes.be\/sah\/wp-json\/wp\/v2\/users\/8"}],"replies":[{"embeddable":true,"href":"https:\/\/www.leshautesardennes.be\/sah\/wp-json\/wp\/v2\/comments?post=624"}],"version-history":[{"count":16,"href":"https:\/\/www.leshautesardennes.be\/sah\/wp-json\/wp\/v2\/posts\/624\/revisions"}],"predecessor-version":[{"id":643,"href":"https:\/\/www.leshautesardennes.be\/sah\/wp-json\/wp\/v2\/posts\/624\/revisions\/643"}],"wp:attachment":[{"href":"https:\/\/www.leshautesardennes.be\/sah\/wp-json\/wp\/v2\/media?parent=624"}],"wp:term":[{"taxonomy":"category","embeddable":true,"href":"https:\/\/www.leshautesardennes.be\/sah\/wp-json\/wp\/v2\/categories?post=624"},{"taxonomy":"post_tag","embeddable":true,"href":"https:\/\/www.leshautesardennes.be\/sah\/wp-json\/wp\/v2\/tags?post=624"}],"curies":[{"name":"wp","href":"https:\/\/api.w.org\/{rel}","templated":true}]}}