{"id":598,"date":"2015-01-08T17:45:25","date_gmt":"2015-01-08T15:45:25","guid":{"rendered":"http:\/\/www.leshautesardennes.be\/sah\/?p=598"},"modified":"2015-01-08T18:04:15","modified_gmt":"2015-01-08T16:04:15","slug":"lactivite-crea-recycl-dans-les-rues-de-vielsalm-en-decembre-2014","status":"publish","type":"post","link":"https:\/\/www.leshautesardennes.be\/sah\/2015\/01\/08\/lactivite-crea-recycl-dans-les-rues-de-vielsalm-en-decembre-2014\/","title":{"rendered":"L\u2019activit\u00e9 Cr\u00e9a-Recycl\u2019 dans les rues de Vielsalm en d\u00e9cembre 2014 \u2026"},"content":{"rendered":"<p>&nbsp;<\/p>\n<p><span style=\"color: #000000;font-family: Calibri;font-size: large\">Sapins en bois sous diff\u00e9rentes formes\u00a0; dans les vitrines, ou aux potences le long des rues, \u2026<\/span><\/p>\n<p><span style=\"color: #000000;font-family: Calibri;font-size: large\">Voil\u00e0 le fruit de la troisi\u00e8me collaboration entre l\u2019association des commer\u00e7ants de la localit\u00e9, l\u2019ADL, et l\u2019atelier r\u00e9cemment rebaptis\u00e9 Cr\u00e9a-Recycl\u2019 propos\u00e9 aux b\u00e9n\u00e9ficiaires des activit\u00e9s de jour de l\u2019ASBL Les Hautes Ardennes.<\/span><\/p>\n<p><span style=\"color: #000000;font-family: Calibri;font-size: large\">Gr\u00e2ce aux petits coups de pouce de diverses personnes, l\u2019atelier a r\u00e9cup\u00e9r\u00e9 des morceaux de bois, des vieilles palettes, des bouteilles plastiques, des bouchons, des capsules \u2018Nespresso\u2019 usag\u00e9es, \u2026.<\/span><\/p>\n<p><span style=\"color: #000000;font-family: Calibri;font-size: large\">Tous ces objets ont \u00e9t\u00e9 patiemment et consciencieusement d\u00e9mont\u00e9s, assembl\u00e9s, transform\u00e9s, d\u00e9cor\u00e9s, \u2026 pour r\u00e9aliser les quelques 100 sapins que vous avez pu admirer dans les rues de la localit\u00e9 en d\u00e9cembre\u00a0!<\/span><\/p>\n<p><span style=\"color: #000000;font-family: Calibri;font-size: large\">Ce r\u00e9sultat, appr\u00e9ci\u00e9 semble-t-il, est le fruit d\u2019un travail qui aura dur\u00e9 presqu\u2019un an, auquel pas moins de 15 personnes et 3 animatrices auront contribu\u00e9. <\/span><\/p>\n<p><span style=\"color: #000000;font-family: Calibri;font-size: large\">Merci \u00e0 tous les participants pour la r\u00e9alisation de ce beau projet\u00a0!<\/span><\/p>\n<p><span style=\"color: #000000;font-family: Calibri;font-size: large\"><div id='gallery-1' class='gallery galleryid-598 gallery-columns-3 gallery-size-thumbnail'><dl class='gallery-item'>\n\t\t\t<dt class='gallery-icon landscape'>\n\t\t\t\t<a href='https:\/\/www.leshautesardennes.be\/sah\/2015\/01\/08\/lactivite-crea-recycl-dans-les-rues-de-vielsalm-en-decembre-2014\/attachment\/01\/'><img loading=\"lazy\" decoding=\"async\" width=\"150\" height=\"150\" src=\"https:\/\/www.leshautesardennes.be\/sah\/files\/2015\/01\/01-150x150.jpg\" class=\"attachment-thumbnail size-thumbnail\" alt=\"\" \/><\/a>\n\t\t\t<\/dt><\/dl><dl class='gallery-item'>\n\t\t\t<dt class='gallery-icon landscape'>\n\t\t\t\t<a href='https:\/\/www.leshautesardennes.be\/sah\/2015\/01\/08\/lactivite-crea-recycl-dans-les-rues-de-vielsalm-en-decembre-2014\/attachment\/02\/'><img loading=\"lazy\" decoding=\"async\" width=\"150\" height=\"150\" src=\"https:\/\/www.leshautesardennes.be\/sah\/files\/2015\/01\/02-150x150.jpg\" class=\"attachment-thumbnail size-thumbnail\" alt=\"\" \/><\/a>\n\t\t\t<\/dt><\/dl><dl class='gallery-item'>\n\t\t\t<dt class='gallery-icon landscape'>\n\t\t\t\t<a href='https:\/\/www.leshautesardennes.be\/sah\/2015\/01\/08\/lactivite-crea-recycl-dans-les-rues-de-vielsalm-en-decembre-2014\/attachment\/03\/'><img loading=\"lazy\" decoding=\"async\" width=\"150\" height=\"150\" src=\"https:\/\/www.leshautesardennes.be\/sah\/files\/2015\/01\/03-150x150.jpg\" class=\"attachment-thumbnail size-thumbnail\" alt=\"\" \/><\/a>\n\t\t\t<\/dt><\/dl><br style=\"clear: both\" \/><dl class='gallery-item'>\n\t\t\t<dt class='gallery-icon landscape'>\n\t\t\t\t<a href='https:\/\/www.leshautesardennes.be\/sah\/2015\/01\/08\/lactivite-crea-recycl-dans-les-rues-de-vielsalm-en-decembre-2014\/attachment\/04\/'><img loading=\"lazy\" decoding=\"async\" width=\"150\" height=\"150\" src=\"https:\/\/www.leshautesardennes.be\/sah\/files\/2015\/01\/04-150x150.jpg\" class=\"attachment-thumbnail size-thumbnail\" alt=\"\" \/><\/a>\n\t\t\t<\/dt><\/dl><dl class='gallery-item'>\n\t\t\t<dt class='gallery-icon portrait'>\n\t\t\t\t<a href='https:\/\/www.leshautesardennes.be\/sah\/2015\/01\/08\/lactivite-crea-recycl-dans-les-rues-de-vielsalm-en-decembre-2014\/attachment\/07\/'><img loading=\"lazy\" decoding=\"async\" width=\"150\" height=\"150\" src=\"https:\/\/www.leshautesardennes.be\/sah\/files\/2015\/01\/07-150x150.jpg\" class=\"attachment-thumbnail size-thumbnail\" alt=\"\" \/><\/a>\n\t\t\t<\/dt><\/dl><dl class='gallery-item'>\n\t\t\t<dt class='gallery-icon portrait'>\n\t\t\t\t<a href='https:\/\/www.leshautesardennes.be\/sah\/2015\/01\/08\/lactivite-crea-recycl-dans-les-rues-de-vielsalm-en-decembre-2014\/attachment\/09\/'><img loading=\"lazy\" decoding=\"async\" width=\"150\" height=\"150\" src=\"https:\/\/www.leshautesardennes.be\/sah\/files\/2015\/01\/09-150x150.jpg\" class=\"attachment-thumbnail size-thumbnail\" alt=\"\" \/><\/a>\n\t\t\t<\/dt><\/dl><br style=\"clear: both\" \/><dl class='gallery-item'>\n\t\t\t<dt class='gallery-icon portrait'>\n\t\t\t\t<a href='https:\/\/www.leshautesardennes.be\/sah\/2015\/01\/08\/lactivite-crea-recycl-dans-les-rues-de-vielsalm-en-decembre-2014\/10-2\/'><img loading=\"lazy\" decoding=\"async\" width=\"150\" height=\"150\" src=\"https:\/\/www.leshautesardennes.be\/sah\/files\/2015\/01\/10-150x150.jpg\" class=\"attachment-thumbnail size-thumbnail\" alt=\"\" \/><\/a>\n\t\t\t<\/dt><\/dl><dl class='gallery-item'>\n\t\t\t<dt class='gallery-icon landscape'>\n\t\t\t\t<a href='https:\/\/www.leshautesardennes.be\/sah\/2015\/01\/08\/lactivite-crea-recycl-dans-les-rues-de-vielsalm-en-decembre-2014\/attachment\/11\/'><img loading=\"lazy\" decoding=\"async\" width=\"150\" height=\"150\" src=\"https:\/\/www.leshautesardennes.be\/sah\/files\/2015\/01\/11-150x150.jpg\" class=\"attachment-thumbnail size-thumbnail\" alt=\"\" \/><\/a>\n\t\t\t<\/dt><\/dl><dl class='gallery-item'>\n\t\t\t<dt class='gallery-icon landscape'>\n\t\t\t\t<a href='https:\/\/www.leshautesardennes.be\/sah\/2015\/01\/08\/lactivite-crea-recycl-dans-les-rues-de-vielsalm-en-decembre-2014\/attachment\/13\/'><img loading=\"lazy\" decoding=\"async\" width=\"150\" height=\"150\" src=\"https:\/\/www.leshautesardennes.be\/sah\/files\/2015\/01\/13-150x150.jpg\" class=\"attachment-thumbnail size-thumbnail\" alt=\"\" \/><\/a>\n\t\t\t<\/dt><\/dl><br style=\"clear: both\" \/><dl class='gallery-item'>\n\t\t\t<dt class='gallery-icon portrait'>\n\t\t\t\t<a href='https:\/\/www.leshautesardennes.be\/sah\/2015\/01\/08\/lactivite-crea-recycl-dans-les-rues-de-vielsalm-en-decembre-2014\/attachment\/14\/'><img loading=\"lazy\" decoding=\"async\" width=\"150\" height=\"150\" src=\"https:\/\/www.leshautesardennes.be\/sah\/files\/2015\/01\/14-150x150.jpg\" class=\"attachment-thumbnail size-thumbnail\" alt=\"\" \/><\/a>\n\t\t\t<\/dt><\/dl><dl class='gallery-item'>\n\t\t\t<dt class='gallery-icon portrait'>\n\t\t\t\t<a href='https:\/\/www.leshautesardennes.be\/sah\/2015\/01\/08\/lactivite-crea-recycl-dans-les-rues-de-vielsalm-en-decembre-2014\/attachment\/15\/'><img loading=\"lazy\" decoding=\"async\" width=\"150\" height=\"150\" src=\"https:\/\/www.leshautesardennes.be\/sah\/files\/2015\/01\/15-150x150.jpg\" class=\"attachment-thumbnail size-thumbnail\" alt=\"\" \/><\/a>\n\t\t\t<\/dt><\/dl><dl class='gallery-item'>\n\t\t\t<dt class='gallery-icon landscape'>\n\t\t\t\t<a href='https:\/\/www.leshautesardennes.be\/sah\/2015\/01\/08\/lactivite-crea-recycl-dans-les-rues-de-vielsalm-en-decembre-2014\/attachment\/17\/'><img loading=\"lazy\" decoding=\"async\" width=\"150\" height=\"150\" src=\"https:\/\/www.leshautesardennes.be\/sah\/files\/2015\/01\/17-150x150.jpg\" class=\"attachment-thumbnail size-thumbnail\" alt=\"\" \/><\/a>\n\t\t\t<\/dt><\/dl><br style=\"clear: both\" \/>\n\t\t<\/div>\n<\/p>\n<p><\/span><\/p>\n<p>&nbsp;<\/p>\n<p>&nbsp;<\/p>\n<p>&nbsp;<\/p>\n","protected":false},"excerpt":{"rendered":"<p>&nbsp; Sapins en bois sous diff\u00e9rentes formes\u00a0; dans les vitrines, ou aux potences le long des rues, \u2026 Voil\u00e0 le fruit de la troisi\u00e8me collaboration entre l\u2019association des commer\u00e7ants de la localit\u00e9, l\u2019ADL, et l\u2019atelier r\u00e9cemment rebaptis\u00e9 Cr\u00e9a-Recycl\u2019 propos\u00e9 aux &hellip; <a href=\"https:\/\/www.leshautesardennes.be\/sah\/2015\/01\/08\/lactivite-crea-recycl-dans-les-rues-de-vielsalm-en-decembre-2014\/\">Continuer la lecture <span class=\"meta-nav\">&rarr;<\/span><\/a><\/p>\n","protected":false},"author":8,"featured_media":0,"comment_status":"closed","ping_status":"open","sticky":false,"template":"","format":"standard","meta":{"_acf_changed":false,"footnotes":""},"categories":[1],"tags":[],"class_list":["post-598","post","type-post","status-publish","format-standard","hentry","category-non-classe"],"acf":[],"_links":{"self":[{"href":"https:\/\/www.leshautesardennes.be\/sah\/wp-json\/wp\/v2\/posts\/598","targetHints":{"allow":["GET"]}}],"collection":[{"href":"https:\/\/www.leshautesardennes.be\/sah\/wp-json\/wp\/v2\/posts"}],"about":[{"href":"https:\/\/www.leshautesardennes.be\/sah\/wp-json\/wp\/v2\/types\/post"}],"author":[{"embeddable":true,"href":"https:\/\/www.leshautesardennes.be\/sah\/wp-json\/wp\/v2\/users\/8"}],"replies":[{"embeddable":true,"href":"https:\/\/www.leshautesardennes.be\/sah\/wp-json\/wp\/v2\/comments?post=598"}],"version-history":[{"count":4,"href":"https:\/\/www.leshautesardennes.be\/sah\/wp-json\/wp\/v2\/posts\/598\/revisions"}],"predecessor-version":[{"id":613,"href":"https:\/\/www.leshautesardennes.be\/sah\/wp-json\/wp\/v2\/posts\/598\/revisions\/613"}],"wp:attachment":[{"href":"https:\/\/www.leshautesardennes.be\/sah\/wp-json\/wp\/v2\/media?parent=598"}],"wp:term":[{"taxonomy":"category","embeddable":true,"href":"https:\/\/www.leshautesardennes.be\/sah\/wp-json\/wp\/v2\/categories?post=598"},{"taxonomy":"post_tag","embeddable":true,"href":"https:\/\/www.leshautesardennes.be\/sah\/wp-json\/wp\/v2\/tags?post=598"}],"curies":[{"name":"wp","href":"https:\/\/api.w.org\/{rel}","templated":true}]}}