{"id":570,"date":"2014-11-10T12:09:13","date_gmt":"2014-11-10T10:09:13","guid":{"rendered":"http:\/\/www.leshautesardennes.be\/sah\/?p=570"},"modified":"2014-11-10T12:39:12","modified_gmt":"2014-11-10T10:39:12","slug":"lactivite-doigts-magiques-a-produit-180-litres-de-jus","status":"publish","type":"post","link":"https:\/\/www.leshautesardennes.be\/sah\/2014\/11\/10\/lactivite-doigts-magiques-a-produit-180-litres-de-jus\/","title":{"rendered":"L\u2019activit\u00e9 \u2018Doigts Magiques\u2019 a produit 180 litres de jus \u2026"},"content":{"rendered":"<p><span style=\"color: #000000\">L\u2019activit\u00e9<span style=\"font-family: Arial\">\u00a0 <\/span><\/span><span style=\"color: #000000\">\u2018Doigts magiques\u2019 est une activit\u00e9 culinaire propos\u00e9e aux b\u00e9n\u00e9ficiaires des services d\u2019Accueil de Jour et d\u2019H\u00e9bergements de l\u2019ASBL Les Hautes Ardennes, <\/span><span style=\"color: #000000;font-family: Arial\">\u00a0<\/span><span style=\"color: #000000\">et dont la finalit\u00e9 est de transformer des produits de la nature en produits fins (jus, vinaigres, liqueurs, confitures, \u2026).<br \/>\n<\/span><span style=\"color: #000000\"> Quatre animatrices se relayent pour accueillir chaque semaine les trente-quatre personnes qui ont demand\u00e9 pour participer \u00e0 cette activit\u00e9. Les participants, quand ils ne sont pas occup\u00e9s par les cueillettes, travaillent en g\u00e9n\u00e9ral dans un atelier cuisine adapt\u00e9 et con\u00e7u pour accueillir jusqu\u2019\u00e0 neuf travailleurs \u00e0 la fois. Cet espace tient compte de normes d\u2019hygi\u00e8ne permettant de produire des aliments propres \u00e0 la consommation.<\/span><\/p>\n<p><span style=\"color: #000000\">Ce mardi 28 octobre \u00e9tait consacr\u00e9 au pressage de pommes et poires, afin d\u2019extraire un jus, ensuite embouteill\u00e9. Quelque trois cents cinquante kilos de fruits<span style=\"font-family: Arial\">\u00a0 <\/span><\/span><span style=\"color: #000000\">avaient \u00e9t\u00e9 cueillis dans diff\u00e9rents vergers (merci aux \u2018donateurs\u2019\u00a0!) les jours pr\u00e9c\u00e9dents.<br \/>\n<\/span><span style=\"color: #000000\"> D\u00e8s le matin, les participants et les deux animatrices (Fran\u00e7oise et Marie) se sont mis au travail sur notre parking de Rencheux (espace oblige\u00a0\u2026) afin de r\u00e9aliser les diff\u00e9rentes \u00e9tapes de fabrication\u00a0: tri, lavage, pr\u00e9-d\u00e9coupage, broyage, pressage, pasteurisation et mise en bouteille. Le lendemain, le travail d\u2019\u00e9tiquetage en atelier terminait le processus.<br \/>\nCes cent quatre-vingts bouteilles seront consomm\u00e9es lors de nos prochains repas festifs, ou trouveront acqu\u00e9reur pour ceux qui le d\u00e9sirent \u2026. et qui ont le palais fin\u00a0!<\/span><\/p>\n<p><span style=\"color: #000000\">Bravo \u00e0 tous pour ce beau travail\u00a0!<\/span><\/p>\n<p><span style=\"color: #000000\"><span style=\"color: #000000\"><div id='gallery-1' class='gallery galleryid-570 gallery-columns-4 gallery-size-thumbnail'><dl class='gallery-item'>\n\t\t\t<dt class='gallery-icon landscape'>\n\t\t\t\t<a href='https:\/\/www.leshautesardennes.be\/sah\/2014\/11\/10\/lactivite-doigts-magiques-a-produit-180-litres-de-jus\/1-2\/'><img loading=\"lazy\" decoding=\"async\" width=\"150\" height=\"150\" src=\"https:\/\/www.leshautesardennes.be\/sah\/files\/2014\/11\/13-150x150.jpg\" class=\"attachment-thumbnail size-thumbnail\" alt=\"\" \/><\/a>\n\t\t\t<\/dt><\/dl><dl class='gallery-item'>\n\t\t\t<dt class='gallery-icon landscape'>\n\t\t\t\t<a href='https:\/\/www.leshautesardennes.be\/sah\/2014\/11\/10\/lactivite-doigts-magiques-a-produit-180-litres-de-jus\/attachment\/10\/'><img loading=\"lazy\" decoding=\"async\" width=\"150\" height=\"150\" src=\"https:\/\/www.leshautesardennes.be\/sah\/files\/2014\/11\/10-150x150.jpg\" class=\"attachment-thumbnail size-thumbnail\" alt=\"\" \/><\/a>\n\t\t\t<\/dt><\/dl><dl class='gallery-item'>\n\t\t\t<dt class='gallery-icon portrait'>\n\t\t\t\t<a href='https:\/\/www.leshautesardennes.be\/sah\/2014\/11\/10\/lactivite-doigts-magiques-a-produit-180-litres-de-jus\/11-2\/'><img loading=\"lazy\" decoding=\"async\" width=\"150\" height=\"150\" src=\"https:\/\/www.leshautesardennes.be\/sah\/files\/2014\/11\/111-150x150.jpg\" class=\"attachment-thumbnail size-thumbnail\" alt=\"\" \/><\/a>\n\t\t\t<\/dt><\/dl><dl class='gallery-item'>\n\t\t\t<dt class='gallery-icon landscape'>\n\t\t\t\t<a href='https:\/\/www.leshautesardennes.be\/sah\/2014\/11\/10\/lactivite-doigts-magiques-a-produit-180-litres-de-jus\/12-2\/'><img loading=\"lazy\" decoding=\"async\" width=\"150\" height=\"150\" src=\"https:\/\/www.leshautesardennes.be\/sah\/files\/2014\/11\/121-150x150.jpg\" class=\"attachment-thumbnail size-thumbnail\" alt=\"\" \/><\/a>\n\t\t\t<\/dt><\/dl><br style=\"clear: both\" \/><dl class='gallery-item'>\n\t\t\t<dt class='gallery-icon portrait'>\n\t\t\t\t<a href='https:\/\/www.leshautesardennes.be\/sah\/2014\/11\/10\/lactivite-doigts-magiques-a-produit-180-litres-de-jus\/2-2\/'><img loading=\"lazy\" decoding=\"async\" width=\"150\" height=\"150\" src=\"https:\/\/www.leshautesardennes.be\/sah\/files\/2014\/11\/21-150x150.jpg\" class=\"attachment-thumbnail size-thumbnail\" alt=\"\" \/><\/a>\n\t\t\t<\/dt><\/dl><dl class='gallery-item'>\n\t\t\t<dt class='gallery-icon portrait'>\n\t\t\t\t<a href='https:\/\/www.leshautesardennes.be\/sah\/2014\/11\/10\/lactivite-doigts-magiques-a-produit-180-litres-de-jus\/3-2\/'><img loading=\"lazy\" decoding=\"async\" width=\"150\" height=\"150\" src=\"https:\/\/www.leshautesardennes.be\/sah\/files\/2014\/11\/31-150x150.jpg\" class=\"attachment-thumbnail size-thumbnail\" alt=\"\" \/><\/a>\n\t\t\t<\/dt><\/dl><dl class='gallery-item'>\n\t\t\t<dt class='gallery-icon portrait'>\n\t\t\t\t<a href='https:\/\/www.leshautesardennes.be\/sah\/2014\/11\/10\/lactivite-doigts-magiques-a-produit-180-litres-de-jus\/4-2\/'><img loading=\"lazy\" decoding=\"async\" width=\"150\" height=\"150\" src=\"https:\/\/www.leshautesardennes.be\/sah\/files\/2014\/11\/41-150x150.jpg\" class=\"attachment-thumbnail size-thumbnail\" alt=\"\" \/><\/a>\n\t\t\t<\/dt><\/dl><dl class='gallery-item'>\n\t\t\t<dt class='gallery-icon portrait'>\n\t\t\t\t<a href='https:\/\/www.leshautesardennes.be\/sah\/2014\/11\/10\/lactivite-doigts-magiques-a-produit-180-litres-de-jus\/attachment\/5\/'><img loading=\"lazy\" decoding=\"async\" width=\"150\" height=\"150\" src=\"https:\/\/www.leshautesardennes.be\/sah\/files\/2014\/11\/5-150x150.jpg\" class=\"attachment-thumbnail size-thumbnail\" alt=\"\" \/><\/a>\n\t\t\t<\/dt><\/dl><br style=\"clear: both\" \/><dl class='gallery-item'>\n\t\t\t<dt class='gallery-icon portrait'>\n\t\t\t\t<a href='https:\/\/www.leshautesardennes.be\/sah\/2014\/11\/10\/lactivite-doigts-magiques-a-produit-180-litres-de-jus\/6-2\/'><img loading=\"lazy\" decoding=\"async\" width=\"150\" height=\"150\" src=\"https:\/\/www.leshautesardennes.be\/sah\/files\/2014\/11\/61-150x150.jpg\" class=\"attachment-thumbnail size-thumbnail\" alt=\"\" \/><\/a>\n\t\t\t<\/dt><\/dl><dl class='gallery-item'>\n\t\t\t<dt class='gallery-icon portrait'>\n\t\t\t\t<a href='https:\/\/www.leshautesardennes.be\/sah\/2014\/11\/10\/lactivite-doigts-magiques-a-produit-180-litres-de-jus\/7-2\/'><img loading=\"lazy\" decoding=\"async\" width=\"150\" height=\"150\" src=\"https:\/\/www.leshautesardennes.be\/sah\/files\/2014\/11\/71-150x150.jpg\" class=\"attachment-thumbnail size-thumbnail\" alt=\"\" \/><\/a>\n\t\t\t<\/dt><\/dl><dl class='gallery-item'>\n\t\t\t<dt class='gallery-icon landscape'>\n\t\t\t\t<a href='https:\/\/www.leshautesardennes.be\/sah\/2014\/11\/10\/lactivite-doigts-magiques-a-produit-180-litres-de-jus\/8-2\/'><img loading=\"lazy\" decoding=\"async\" width=\"150\" height=\"150\" src=\"https:\/\/www.leshautesardennes.be\/sah\/files\/2014\/11\/81-150x150.jpg\" class=\"attachment-thumbnail size-thumbnail\" alt=\"\" \/><\/a>\n\t\t\t<\/dt><\/dl><dl class='gallery-item'>\n\t\t\t<dt class='gallery-icon portrait'>\n\t\t\t\t<a href='https:\/\/www.leshautesardennes.be\/sah\/2014\/11\/10\/lactivite-doigts-magiques-a-produit-180-litres-de-jus\/attachment\/9\/'><img loading=\"lazy\" decoding=\"async\" width=\"150\" height=\"150\" src=\"https:\/\/www.leshautesardennes.be\/sah\/files\/2014\/11\/9-150x150.jpg\" class=\"attachment-thumbnail size-thumbnail\" alt=\"\" \/><\/a>\n\t\t\t<\/dt><\/dl><br style=\"clear: both\" \/>\n\t\t<\/div>\n<\/p>\n<p><\/span><\/span><\/p>\n<p>&nbsp;<\/p>\n","protected":false},"excerpt":{"rendered":"<p>L\u2019activit\u00e9\u00a0 \u2018Doigts magiques\u2019 est une activit\u00e9 culinaire propos\u00e9e aux b\u00e9n\u00e9ficiaires des services d\u2019Accueil de Jour et d\u2019H\u00e9bergements de l\u2019ASBL Les Hautes Ardennes, \u00a0et dont la finalit\u00e9 est de transformer des produits de la nature en produits fins (jus, vinaigres, liqueurs, &hellip; <a href=\"https:\/\/www.leshautesardennes.be\/sah\/2014\/11\/10\/lactivite-doigts-magiques-a-produit-180-litres-de-jus\/\">Continuer la lecture <span class=\"meta-nav\">&rarr;<\/span><\/a><\/p>\n","protected":false},"author":8,"featured_media":0,"comment_status":"closed","ping_status":"open","sticky":false,"template":"","format":"standard","meta":{"_acf_changed":false,"footnotes":""},"categories":[1],"tags":[],"class_list":["post-570","post","type-post","status-publish","format-standard","hentry","category-non-classe"],"acf":[],"_links":{"self":[{"href":"https:\/\/www.leshautesardennes.be\/sah\/wp-json\/wp\/v2\/posts\/570","targetHints":{"allow":["GET"]}}],"collection":[{"href":"https:\/\/www.leshautesardennes.be\/sah\/wp-json\/wp\/v2\/posts"}],"about":[{"href":"https:\/\/www.leshautesardennes.be\/sah\/wp-json\/wp\/v2\/types\/post"}],"author":[{"embeddable":true,"href":"https:\/\/www.leshautesardennes.be\/sah\/wp-json\/wp\/v2\/users\/8"}],"replies":[{"embeddable":true,"href":"https:\/\/www.leshautesardennes.be\/sah\/wp-json\/wp\/v2\/comments?post=570"}],"version-history":[{"count":4,"href":"https:\/\/www.leshautesardennes.be\/sah\/wp-json\/wp\/v2\/posts\/570\/revisions"}],"predecessor-version":[{"id":593,"href":"https:\/\/www.leshautesardennes.be\/sah\/wp-json\/wp\/v2\/posts\/570\/revisions\/593"}],"wp:attachment":[{"href":"https:\/\/www.leshautesardennes.be\/sah\/wp-json\/wp\/v2\/media?parent=570"}],"wp:term":[{"taxonomy":"category","embeddable":true,"href":"https:\/\/www.leshautesardennes.be\/sah\/wp-json\/wp\/v2\/categories?post=570"},{"taxonomy":"post_tag","embeddable":true,"href":"https:\/\/www.leshautesardennes.be\/sah\/wp-json\/wp\/v2\/tags?post=570"}],"curies":[{"name":"wp","href":"https:\/\/api.w.org\/{rel}","templated":true}]}}