{"id":259,"date":"2013-02-20T17:51:38","date_gmt":"2013-02-20T15:51:38","guid":{"rendered":"http:\/\/www.leshautesardennes.be\/sah\/?p=259"},"modified":"2013-02-20T18:10:34","modified_gmt":"2013-02-20T16:10:34","slug":"nous-cherchons-du-materiel-informatique","status":"publish","type":"post","link":"https:\/\/www.leshautesardennes.be\/sah\/2013\/02\/20\/nous-cherchons-du-materiel-informatique\/","title":{"rendered":"Nous cherchons du mat\u00e9riel informatique &#8230;"},"content":{"rendered":"<p><span style=\"font-size: medium\">Nos services d\u2019Accueil et d\u2019H\u00e9bergement accueillent quelque 110 personnes porteuses d\u2019un handicap. Ces personnes, accompagn\u00e9es au quotidien par des professionnels, ont la possibilit\u00e9 de participer en journ\u00e9e \u00e0 des activit\u00e9s vari\u00e9es, selon leur choix. Ces activit\u00e9s se d\u00e9roulent principalement \u00e0 Rencheux, sur le site de l\u2019ancienne caserne Ratz. Les h\u00e9bergements se situent \u00e0 Vielsalm, rue de la Clinique (Foyer La Hesse) et au centre du village de B\u00eache (Clos des Aub\u00e9pines). Plusieurs usagers habitent des logements individuels ou collectifs, dans Vielsalm. Ils sont accompagn\u00e9s au quotidien, en fonction de leurs besoins, par une \u00e9quipe pluridisciplinaire.<\/span><\/p>\n<p><span style=\"font-size: medium\">Nos ressources financi\u00e8res, dont la principale provient de subventionnements de l\u2019AWIPH (Agence Wallonne pour Int\u00e9gration des Personnes Handicap\u00e9es) sont limit\u00e9es, et nous imposent une grande rigueur dans la gestion.<\/span><\/p>\n<p><span style=\"font-size: medium\">Par cons\u00e9quent les investissements en mat\u00e9riel informatique ne sont pas prioritaires.<\/span><\/p>\n<p><span style=\"font-size: medium\">Pourtant l\u2019informatisation des services repr\u00e9sente une solution afin de favoriser une bonne communication entre les diff\u00e9rents sites (Rencheux, Foyer La Hesse, Clos des Aub\u00e9pines), ainsi qu\u2019entre les nombreux professionnels.<\/span><\/p>\n<p><span style=\"font-size: medium\">L\u2019id\u00e9al serait que les locaux d\u2019activit\u00e9s ainsi que les diff\u00e9rents espaces r\u00e9serv\u00e9s \u00e0 l\u2019h\u00e9bergement disposent d\u2019ordinateurs reli\u00e9s en un r\u00e9seau \u2018simple\u2019.<\/span><\/p>\n<p><span style=\"font-size: medium\">De plus, plusieurs usagers ont des comp\u00e9tences leur permettant d\u2019utiliser l\u2019ordinateur, soit pour rechercher des informations sur internet (dans le cadre d\u2019un programme de r\u00e9duction de la fracture num\u00e9rique), soit pour se distraire par des jeux, mais \u00e9galement afin de r\u00e9aliser des exercices d\u2019\u00e9criture et de calcul (dans le cadre d\u2019un programme d\u2019alphab\u00e9tisation).<\/span><\/p>\n<p><span style=\"font-size: medium\">En 2010 un jury de la Fondation Roi Baudouin, suite \u00e0 un appel \u00e0 projets \u2018Close the Gap \u2013 PC Solidarity\u2019 avait s\u00e9lectionn\u00e9 notre demande et nous avait fourni quelques ordinateurs, le s\u00e9rieux de notre dossier nous ayant permis de figurer parmi les quelques b\u00e9n\u00e9ficiaires retenus.<\/span><\/p>\n<p><span style=\"font-size: medium\">Cette aide, bien que pr\u00e9cieuse,  n\u2019a pu combler qu\u2019une petite partie de notre manque.<\/span><\/p>\n<p><span style=\"font-size: medium\">Nous sommes actuellement \u00e0 la recherche d\u2019ordinateurs PC, fixes ou portables, m\u00eame vieux de quelques ann\u00e9es. La configuration minimum requise \u00e9tant :<\/span><\/p>\n<ul>\n<li><span style=\"font-size: medium\">Windows XP \u2013Windows Vista \u2013 Windows 7<\/span><\/li>\n<li><span style=\"font-size: medium\">M\u00e9moire : 1024 MB de RAM minimum<\/span><\/li>\n<li><span style=\"font-size: medium\">Disque dur : min 50 GB<\/span><\/li>\n<\/ul>\n<p><span style=\"font-size: medium\">Le programme Socialware de Microsoft \u00a9, r\u00e9serv\u00e9 aux associations comme la n\u00f4tre, nous permet d\u2019\u00e9quiper les ordinateurs d\u2019applications  bureautiques (Word \u00a9, Excel \u00a9, \u2026) \u00e0 co\u00fbt r\u00e9duit. Nous pouvons \u00e9galement en utiliser de gratuites disponibles en ligne, telles que OpenOffice\u00a9<\/span><\/p>\n<p><span style=\"font-size: medium\">Si, dans vos milieux professionnels, dans votre famille, parmi vos amis, vous connaissez des personnes ou des entreprises qui se s\u00e9parent de leur mat\u00e9riel informatique, et qui accepteraient d\u2019en faire don \u00e0 notre institution, cela nous serait d\u2019une tr\u00e8s grande utilit\u00e9. Nous pourrions sur demande fournir une attestation de don.<\/span><\/p>\n<p><span style=\"font-size: medium\">Pouvez-vous prendre contact avec :<\/span><\/p>\n<address><span style=\"font-size: small\">Beno\u00eet G\u00e9rardy <\/span><\/address>\n<address><span style=\"font-size: small\"><a href=\"mailto:benoit.gerardy@leshautesardennes.dev\">benoit.gerardy@leshautesardennes.dev<\/a> <\/span><\/address>\n<address><span style=\"font-size: small\">Tel 3280281161  ou Gsm 0032473746980<\/span><\/address>\n<address> <\/address>\n<p><span style=\"font-size: medium\">D&rsquo;avance merci !<\/span><\/p>\n<address><strong><em><\/em><\/strong> <\/address>\n","protected":false},"excerpt":{"rendered":"<p>Nos services d\u2019Accueil et d\u2019H\u00e9bergement accueillent quelque 110 personnes porteuses d\u2019un handicap. Ces personnes, accompagn\u00e9es au quotidien par des professionnels, ont la possibilit\u00e9 de participer en journ\u00e9e \u00e0 des activit\u00e9s vari\u00e9es, selon leur choix. Ces activit\u00e9s se d\u00e9roulent principalement \u00e0 &hellip; <a href=\"https:\/\/www.leshautesardennes.be\/sah\/2013\/02\/20\/nous-cherchons-du-materiel-informatique\/\">Continuer la lecture <span class=\"meta-nav\">&rarr;<\/span><\/a><\/p>\n","protected":false},"author":8,"featured_media":0,"comment_status":"closed","ping_status":"open","sticky":false,"template":"","format":"standard","meta":{"_acf_changed":false,"footnotes":""},"categories":[1],"tags":[],"class_list":["post-259","post","type-post","status-publish","format-standard","hentry","category-non-classe"],"acf":[],"_links":{"self":[{"href":"https:\/\/www.leshautesardennes.be\/sah\/wp-json\/wp\/v2\/posts\/259","targetHints":{"allow":["GET"]}}],"collection":[{"href":"https:\/\/www.leshautesardennes.be\/sah\/wp-json\/wp\/v2\/posts"}],"about":[{"href":"https:\/\/www.leshautesardennes.be\/sah\/wp-json\/wp\/v2\/types\/post"}],"author":[{"embeddable":true,"href":"https:\/\/www.leshautesardennes.be\/sah\/wp-json\/wp\/v2\/users\/8"}],"replies":[{"embeddable":true,"href":"https:\/\/www.leshautesardennes.be\/sah\/wp-json\/wp\/v2\/comments?post=259"}],"version-history":[{"count":5,"href":"https:\/\/www.leshautesardennes.be\/sah\/wp-json\/wp\/v2\/posts\/259\/revisions"}],"predecessor-version":[{"id":262,"href":"https:\/\/www.leshautesardennes.be\/sah\/wp-json\/wp\/v2\/posts\/259\/revisions\/262"}],"wp:attachment":[{"href":"https:\/\/www.leshautesardennes.be\/sah\/wp-json\/wp\/v2\/media?parent=259"}],"wp:term":[{"taxonomy":"category","embeddable":true,"href":"https:\/\/www.leshautesardennes.be\/sah\/wp-json\/wp\/v2\/categories?post=259"},{"taxonomy":"post_tag","embeddable":true,"href":"https:\/\/www.leshautesardennes.be\/sah\/wp-json\/wp\/v2\/tags?post=259"}],"curies":[{"name":"wp","href":"https:\/\/api.w.org\/{rel}","templated":true}]}}