{"id":1611,"date":"2020-09-22T09:55:58","date_gmt":"2020-09-22T07:55:58","guid":{"rendered":"https:\/\/www.leshautesardennes.be\/sah\/?p=1611"},"modified":"2020-10-01T08:07:34","modified_gmt":"2020-10-01T06:07:34","slug":"focus-sur-le-projet-bonalfa","status":"publish","type":"post","link":"https:\/\/www.leshautesardennes.be\/sah\/2020\/09\/22\/focus-sur-le-projet-bonalfa\/","title":{"rendered":"Focus sur le projet Bonalfa"},"content":{"rendered":"<p><a href=\"https:\/\/www.leshautesardennes.be\/sah\/files\/2020\/09\/photo-bonalfa-2.jpg\"><img loading=\"lazy\" decoding=\"async\" class=\"wp-image-1624 alignright\" src=\"https:\/\/www.leshautesardennes.be\/sah\/files\/2020\/09\/photo-bonalfa-2.jpg\" alt=\"\" width=\"351\" height=\"412\" srcset=\"https:\/\/www.leshautesardennes.be\/sah\/files\/2020\/09\/photo-bonalfa-2.jpg 1069w, https:\/\/www.leshautesardennes.be\/sah\/files\/2020\/09\/photo-bonalfa-2-256x300.jpg 256w, https:\/\/www.leshautesardennes.be\/sah\/files\/2020\/09\/photo-bonalfa-2-873x1024.jpg 873w, https:\/\/www.leshautesardennes.be\/sah\/files\/2020\/09\/photo-bonalfa-2-768x901.jpg 768w\" sizes=\"auto, (max-width: 351px) 100vw, 351px\" \/><\/a><\/p>\n<p style=\"text-align: left\"><span style=\"font-size: 18pt\">Interview de C\u00e9cile, \u00e9ducatrice<\/span><\/p>\n<p><span style=\"color: #008080\"><strong>Qu\u2019est-ce que le projet Bonalfa ?<\/strong><\/span><br \/>\nNous accueillons les personnes vieillissantes du Foyer La Hesse qui ne n\u00e9cessitent pas une approche m\u00e9dicalis\u00e9e, ces derni\u00e8res vivant plut\u00f4t \u00e0 l\u2019appartement Contes de Salm. Les personnes accueillies \u00e0 Bonalfa ont besoin de calme et ont un rythme de vie assez lent. Au d\u00e9but de la cr\u00e9ation de l\u2019appartement, nous avons veill\u00e9 \u00e0 ce qu\u2019il y ait tout de m\u00eame des personnes plus actives dans le groupe, afin que celui-ci garde une certaine dynamique, avec des interactions entre eux. Il y a notamment Marcel, qui est un gai luron, et qui participe \u00e0 une tr\u00e8s belle ambiance dans l\u2019appartement !<\/p>\n<p><span style=\"color: #008080\"><strong>Comment se d\u00e9roule la journ\u00e9e \u00e0 l\u2019appartement ?<\/strong><\/span><br \/>\nTout se d\u00e9roule g\u00e9n\u00e9ralement en soir\u00e9e car, la journ\u00e9e, la plupart des r\u00e9sidents vont en activit\u00e9s \u00e0 Rencheux. Quand ils restent en journ\u00e9e au Foyer, ils rejoignent alors l\u2019appartement Contes de Salm. Les soir\u00e9es sont assez structur\u00e9es car il s\u2019agit d\u2019une population qui a besoin de rep\u00e8res dans le temps. On essaie donc de les s\u00e9curiser un maximum en leur offrant des activit\u00e9s toujours au m\u00eame moment. Avant le souper, \u00c9ric et Claude vont se laver. On pr\u00e9pare ensuite le souper avec tous les r\u00e9sidents de<br \/>\nl\u2019appartement. Les plus autonomes nous aident \u00e0 mettre la table, vider le lave-vaisselle&#8230; En r\u00e9alit\u00e9, on essaye de mettre \u00e0 contribution toutes les personnes, en fonction de leurs comp\u00e9tences. Si une personne a des difficult\u00e9s \u00e0 r\u00e9aliser une t\u00e2che, c\u2019est souvent une autre personne qui a la comp\u00e9tence de la faire et qui va pouvoir compenser. On est un groupe et on fonctionne comme tel. Chacun am\u00e8ne sa pierre \u00e0 l\u2019\u00e9difice. Il y a ensuite le souper o\u00f9 chacun mange \u00e0 son rythme. Certains mangent plus ou moins vite, d\u2019autres beaucoup plus lentement. On prend vraiment le temps pour chacun. Ils regardent ensuite la t\u00e9l\u00e9vision avant d\u2019aller se coucher, et en g\u00e9n\u00e9ral ils se mettent facilement d\u2019accord sur le programme. De mani\u00e8re g\u00e9n\u00e9rale, on essaye de garder les acquis pour certains, et pour d&rsquo;autres, on fait des petits apprentissages, comme celui de ranger correctement le lave-vaisselle, ranger correctement son linge. Ce sont des apprentissages de la vie de tous les jours&#8230; On veille \u00e0 leur bien-\u00eatre physique et psychologique&#8230;<\/p>\n<p><span style=\"color: #008080\"><strong>Quelles sont les difficult\u00e9s rencontr\u00e9es ?<\/strong><\/span><br \/>\nAu d\u00e9but du projet, on accueillait une personne qui pr\u00e9sentait de plus grandes difficult\u00e9s, et qui avait besoin de beaucoup de rep\u00e8res, et de beaucoup de pr\u00e9sence. Notre travail \u00e9tait alors principalement ax\u00e9 sur cette urgence, et on demandait aux autres r\u00e9sidents d\u2019\u00eatre bienveillants envers elle. Si chacun avait exig\u00e9 de nous une grande disponibilit\u00e9, cela aurait repr\u00e9sent\u00e9 une difficult\u00e9. Cette personne avait vraiment besoin d\u2019une grande attention et on demandait donc aux autres d\u2019\u00eatre compr\u00e9hensifs et patients, ce qu\u2019ils comprenaient globalement bien. On a toujours veill\u00e9 \u00e0 informer les r\u00e9sidents sur les besoins sp\u00e9cifiques des autres, afin qu\u2019ils soient indulgents entre eux. Par exemple, pour une personne malentendante, nous avons bien expliqu\u00e9 ses difficult\u00e9s de communication et de compr\u00e9hension, afin que chacun puisse un peu se mettre \u00e0 sa place, et comprendre ses comportements. Depuis le d\u00e9but, nous essayons vraiment d\u2019inculquer la valeur de respect, en demandant \u00e0 chacun d\u2019accepter les difficult\u00e9s de l\u2019autre.<\/p>\n<p><span style=\"color: #008080\"><strong>Quels sont les projets du groupe ?<\/strong><\/span><br \/>\nR\u00e9guli\u00e8rement on leur demande ce qu\u2019ils aimeraient faire. Durant tout un temps, on allait chaque ann\u00e9e \u00e0 la Foire \u00e0 Li\u00e8ge, mais la population a vieilli, et cette activit\u00e9 ne les int\u00e9resse plus vraiment. Ils se sont davantage tourn\u00e9s vers des plaisirs ax\u00e9s sur la bouche ; ils adorent, par exemple, aller au restaurant. On combine souvent cette sortie avec des achats vestimentaires. Environ une fois par mois, on demande, \u00e0 chacun \u00e0 leur tour, ce qu\u2019ils aimeraient comme menu particulier. En effet la vie en collectivit\u00e9 limite la possibilit\u00e9 de choisir le repas que l\u2019on d\u00e9sirerait. Parfois on organise un repas fromage, une raclette, ou pour une autre personne ce sera un plat de p\u00e2tes avec une recette jadis r\u00e9alis\u00e9e par sa maman. Ce repas choisi est parfois aussi un beau moyen de f\u00eater son anniversaire !<\/p>\n<p>&nbsp;<\/p>\n<p><span style=\"font-size: 18pt\">Beno\u00eet G\u00e9rardy :\u00a0<\/span><\/p>\n<p>C\u00e9cile, Aude et Amandine sont les \u00e9ducatrices qui forment l\u2019\u00e9quipe d\u2019encadrement du projet Bonalfa. Le groupe est constitu\u00e9 de sept r\u00e9sidents dont, logiquement, les personnalit\u00e9s, les besoins, les aspirations sont tr\u00e8s diff\u00e9rentes. N\u00e9anmoins on peut parler d\u2019une population homog\u00e8ne, leur point commun \u00e9tant un rythme de vie n\u00e9cessitant davantage d\u2019axer l\u2019intervention sur le bien-\u00eatre, plut\u00f4t que sur des apprentissages en vue d\u2019une vie en semi-autonomie. Le projet du groupe est donc bien d\u00e9fini, et on peut dire tr\u00e8s bien articul\u00e9 par des interventions et un encadrement pertinents et bienveillants des trois \u00e9ducatrices. Il est fr\u00e9quent d\u2019entrer dans l\u2019appartement au moment du souper, et de constater que le repas est accompagn\u00e9 d\u2019une douce musique choisie par les r\u00e9sidents. Cela aussi participe \u00e0 une ambiance dans laquelle il semble faire bon vivre !<\/p>\n","protected":false},"excerpt":{"rendered":"<p>Interview de C\u00e9cile, \u00e9ducatrice Qu\u2019est-ce que le projet Bonalfa ? Nous accueillons les personnes vieillissantes du Foyer La Hesse qui ne n\u00e9cessitent pas une approche m\u00e9dicalis\u00e9e, ces derni\u00e8res vivant plut\u00f4t \u00e0 l\u2019appartement Contes de Salm. Les personnes accueillies \u00e0 Bonalfa &hellip; <a href=\"https:\/\/www.leshautesardennes.be\/sah\/2020\/09\/22\/focus-sur-le-projet-bonalfa\/\">Continuer la lecture <span class=\"meta-nav\">&rarr;<\/span><\/a><\/p>\n","protected":false},"author":8,"featured_media":0,"comment_status":"closed","ping_status":"open","sticky":false,"template":"","format":"standard","meta":{"_acf_changed":false,"footnotes":""},"categories":[1],"tags":[],"class_list":["post-1611","post","type-post","status-publish","format-standard","hentry","category-non-classe"],"acf":[],"_links":{"self":[{"href":"https:\/\/www.leshautesardennes.be\/sah\/wp-json\/wp\/v2\/posts\/1611","targetHints":{"allow":["GET"]}}],"collection":[{"href":"https:\/\/www.leshautesardennes.be\/sah\/wp-json\/wp\/v2\/posts"}],"about":[{"href":"https:\/\/www.leshautesardennes.be\/sah\/wp-json\/wp\/v2\/types\/post"}],"author":[{"embeddable":true,"href":"https:\/\/www.leshautesardennes.be\/sah\/wp-json\/wp\/v2\/users\/8"}],"replies":[{"embeddable":true,"href":"https:\/\/www.leshautesardennes.be\/sah\/wp-json\/wp\/v2\/comments?post=1611"}],"version-history":[{"count":7,"href":"https:\/\/www.leshautesardennes.be\/sah\/wp-json\/wp\/v2\/posts\/1611\/revisions"}],"predecessor-version":[{"id":1625,"href":"https:\/\/www.leshautesardennes.be\/sah\/wp-json\/wp\/v2\/posts\/1611\/revisions\/1625"}],"wp:attachment":[{"href":"https:\/\/www.leshautesardennes.be\/sah\/wp-json\/wp\/v2\/media?parent=1611"}],"wp:term":[{"taxonomy":"category","embeddable":true,"href":"https:\/\/www.leshautesardennes.be\/sah\/wp-json\/wp\/v2\/categories?post=1611"},{"taxonomy":"post_tag","embeddable":true,"href":"https:\/\/www.leshautesardennes.be\/sah\/wp-json\/wp\/v2\/tags?post=1611"}],"curies":[{"name":"wp","href":"https:\/\/api.w.org\/{rel}","templated":true}]}}