{"id":1547,"date":"2019-07-15T11:33:52","date_gmt":"2019-07-15T09:33:52","guid":{"rendered":"https:\/\/www.leshautesardennes.be\/sah\/?p=1547"},"modified":"2019-07-16T11:05:43","modified_gmt":"2019-07-16T09:05:43","slug":"les-tresors-du-pays-de-salm","status":"publish","type":"post","link":"https:\/\/www.leshautesardennes.be\/sah\/2019\/07\/15\/les-tresors-du-pays-de-salm\/","title":{"rendered":"Les Tr\u00e9sors du Pays de Salm"},"content":{"rendered":"<p><a href=\"https:\/\/www.leshautesardennes.be\/sah\/files\/2019\/07\/001-1.jpg\"><img loading=\"lazy\" decoding=\"async\" class=\"aligncenter wp-image-1555 size-full\" src=\"https:\/\/www.leshautesardennes.be\/sah\/files\/2019\/07\/001-1-e1563183316214.jpg\" alt=\"\" width=\"1417\" height=\"658\" srcset=\"https:\/\/www.leshautesardennes.be\/sah\/files\/2019\/07\/001-1-e1563183316214.jpg 1417w, https:\/\/www.leshautesardennes.be\/sah\/files\/2019\/07\/001-1-e1563183316214-300x139.jpg 300w, https:\/\/www.leshautesardennes.be\/sah\/files\/2019\/07\/001-1-e1563183316214-768x357.jpg 768w, https:\/\/www.leshautesardennes.be\/sah\/files\/2019\/07\/001-1-e1563183316214-1024x476.jpg 1024w\" sizes=\"auto, (max-width: 1417px) 100vw, 1417px\" \/><\/a><\/p>\n<p>Le dimanche 23 juin, a eu lieu l\u2019inauguration des Tr\u00e9sors du Pays de Salm \u00e0 B\u00eache.<\/p>\n<p>C\u2019est donc en cette belle journ\u00e9e ensoleill\u00e9e que les marcheurs \u00e9taient accueillis \u00e0 8h30 \u00e0 la Salle de la Rouge-Rie \u00e0 B\u00eache pour se lancer \u00e0 la d\u00e9couverte des particularit\u00e9s locales.<\/p>\n<p>Il s\u2019agit d\u2019un parcours de 9,5 km sillonnant les vestiges arch\u00e9ologiques de la r\u00e9gion, initi\u00e9 par le comit\u00e9 des f\u00eates de B\u00eache.<\/p>\n<p>Au total, 8 panneaux install\u00e9s par les Rangers Trientale pr\u00e9sentent le patrimoine de la r\u00e9gion de B\u00eache.\u00a0:<\/p>\n<p>Les trois premiers panneaux pr\u00e9sentent la carri\u00e8re d\u2019arkose situ\u00e9e au-dessus de Salmch\u00e2teau. L\u2019arkose est une roche beige qui a \u00e9t\u00e9 exploit\u00e9e pendant des milliers d\u2019ann\u00e9es, on peut voir les meules en arkoses datant du Moyen-Age ainsi que les galeries menant aux salles d\u2019extraction.<\/p>\n<p>A L\u2019arr\u00eat suivant, offrant une vue panoramique sur Vielsalm et Rencheux,\u00a0 on y retrouve le camp celtique.\u00a0Ensuite, successivement on peut voir les ardoisi\u00e8res de Cahay et puis les tertres d\u2019orpaillage (recherche d\u2019or). Le circuit se termine alors par la chapelle de B\u00eache et le c\u00e9l\u00e8bre Mus\u00e9e du Coticule.<\/p>\n<p>Une messe s\u2019est ensuite tenue \u00e0 B\u00eache avant de lancer les festivit\u00e9s \u00e0 la salle.<\/p>\n<p>Pour arriver \u00e0 la partie acad\u00e9mique, o\u00f9 le premier \u00e0 prendre la parole f\u00fbt le pr\u00e9sident de la Rouge-Rie, Jean-Marie de Backer, qui a expliqu\u00e9 le projet et sa naissance.<\/p>\n<p>Ce f\u00fbt ensuite au tour du bourgmestre, Elie Deblire, \u00e9galement pr\u00e9sident de l\u2019ASBL Les \u00a0Hautes Ardennes, de prendre la parole. N\u2019ayant pu r\u00e9aliser le parcours le jour-m\u00eame, il s\u2019\u00e9tait rendu sur les lieux la vielle \u00e0 v\u00e9lo pour d\u00e9couvrir les diff\u00e9rents panneaux. Il a longuement f\u00e9licit\u00e9 les Rangers pour leur travail, et notamment pour la difficult\u00e9 \u00e0 placer les panneaux dans certains chemins.<\/p>\n<p>Enfin, Bruno van Eerdenbrugh, initiateur du projet et R\u00e9gis Berleur, encadrant des Rangers, ont pris la parole avant de cl\u00f4turer le discours inaugural.<\/p>\n<p>Pour la petite anecdote, deux de ces panneaux ont \u00e9t\u00e9 plac\u00e9s dans la pente de la Bossette (au-dessus de Salmch\u00e2teau) par les Rangers. Cette pente \u00e9tant forte et longue, les Rangers n\u2019ont pas su tout faire le m\u00eame jour et se sont donc content\u00e9s dans un premier temps, d\u2019amener les sacs de ciment et de creuser les trous. Quelle f\u00fbt leur surprise, le lendemain, lorsqu\u2019ils ont d\u00e9couvert qu\u2019un trou avait \u00e9t\u00e9 rebouch\u00e9 avec des pierres et un autre avec le sac de ciment laiss\u00e9 sur place\u2026 Il leur a donc fallu refaire le travail une deuxi\u00e8me fois.<\/p>\n<p>&nbsp;<\/p>\n<div id='gallery-1' class='gallery galleryid-1547 gallery-columns-2 gallery-size-medium'><dl class='gallery-item'>\n\t\t\t<dt class='gallery-icon landscape'>\n\t\t\t\t<a href='https:\/\/www.leshautesardennes.be\/sah\/2019\/07\/15\/les-tresors-du-pays-de-salm\/006-2\/'><img loading=\"lazy\" decoding=\"async\" width=\"300\" height=\"200\" src=\"https:\/\/www.leshautesardennes.be\/sah\/files\/2019\/07\/006-1-300x200.jpg\" class=\"attachment-medium size-medium\" alt=\"\" srcset=\"https:\/\/www.leshautesardennes.be\/sah\/files\/2019\/07\/006-1-300x200.jpg 300w, https:\/\/www.leshautesardennes.be\/sah\/files\/2019\/07\/006-1-768x512.jpg 768w, https:\/\/www.leshautesardennes.be\/sah\/files\/2019\/07\/006-1-1024x683.jpg 1024w, https:\/\/www.leshautesardennes.be\/sah\/files\/2019\/07\/006-1.jpg 1417w\" sizes=\"auto, (max-width: 300px) 100vw, 300px\" \/><\/a>\n\t\t\t<\/dt><\/dl><dl class='gallery-item'>\n\t\t\t<dt class='gallery-icon landscape'>\n\t\t\t\t<a href='https:\/\/www.leshautesardennes.be\/sah\/2019\/07\/15\/les-tresors-du-pays-de-salm\/002-2\/'><img loading=\"lazy\" decoding=\"async\" width=\"300\" height=\"200\" src=\"https:\/\/www.leshautesardennes.be\/sah\/files\/2019\/07\/002-1-300x200.jpg\" class=\"attachment-medium size-medium\" alt=\"\" srcset=\"https:\/\/www.leshautesardennes.be\/sah\/files\/2019\/07\/002-1-300x200.jpg 300w, https:\/\/www.leshautesardennes.be\/sah\/files\/2019\/07\/002-1-768x512.jpg 768w, https:\/\/www.leshautesardennes.be\/sah\/files\/2019\/07\/002-1-1024x683.jpg 1024w, https:\/\/www.leshautesardennes.be\/sah\/files\/2019\/07\/002-1.jpg 1417w\" sizes=\"auto, (max-width: 300px) 100vw, 300px\" \/><\/a>\n\t\t\t<\/dt><\/dl><br style=\"clear: both\" \/><dl class='gallery-item'>\n\t\t\t<dt class='gallery-icon landscape'>\n\t\t\t\t<a href='https:\/\/www.leshautesardennes.be\/sah\/2019\/07\/15\/les-tresors-du-pays-de-salm\/003-2\/'><img loading=\"lazy\" decoding=\"async\" width=\"300\" height=\"200\" src=\"https:\/\/www.leshautesardennes.be\/sah\/files\/2019\/07\/003-1-300x200.jpg\" class=\"attachment-medium size-medium\" alt=\"\" srcset=\"https:\/\/www.leshautesardennes.be\/sah\/files\/2019\/07\/003-1-300x200.jpg 300w, https:\/\/www.leshautesardennes.be\/sah\/files\/2019\/07\/003-1-768x512.jpg 768w, https:\/\/www.leshautesardennes.be\/sah\/files\/2019\/07\/003-1-1024x683.jpg 1024w, https:\/\/www.leshautesardennes.be\/sah\/files\/2019\/07\/003-1.jpg 1417w\" sizes=\"auto, (max-width: 300px) 100vw, 300px\" \/><\/a>\n\t\t\t<\/dt><\/dl><dl class='gallery-item'>\n\t\t\t<dt class='gallery-icon landscape'>\n\t\t\t\t<a href='https:\/\/www.leshautesardennes.be\/sah\/2019\/07\/15\/les-tresors-du-pays-de-salm\/004-2\/'><img loading=\"lazy\" decoding=\"async\" width=\"300\" height=\"200\" src=\"https:\/\/www.leshautesardennes.be\/sah\/files\/2019\/07\/004-1-300x200.jpg\" class=\"attachment-medium size-medium\" alt=\"\" srcset=\"https:\/\/www.leshautesardennes.be\/sah\/files\/2019\/07\/004-1-300x200.jpg 300w, https:\/\/www.leshautesardennes.be\/sah\/files\/2019\/07\/004-1-768x512.jpg 768w, https:\/\/www.leshautesardennes.be\/sah\/files\/2019\/07\/004-1-1024x683.jpg 1024w, https:\/\/www.leshautesardennes.be\/sah\/files\/2019\/07\/004-1.jpg 1417w\" sizes=\"auto, (max-width: 300px) 100vw, 300px\" \/><\/a>\n\t\t\t<\/dt><\/dl><br style=\"clear: both\" \/><dl class='gallery-item'>\n\t\t\t<dt class='gallery-icon landscape'>\n\t\t\t\t<a href='https:\/\/www.leshautesardennes.be\/sah\/2019\/07\/15\/les-tresors-du-pays-de-salm\/005-2\/'><img loading=\"lazy\" decoding=\"async\" width=\"300\" height=\"200\" src=\"https:\/\/www.leshautesardennes.be\/sah\/files\/2019\/07\/005-1-300x200.jpg\" class=\"attachment-medium size-medium\" alt=\"\" srcset=\"https:\/\/www.leshautesardennes.be\/sah\/files\/2019\/07\/005-1-300x200.jpg 300w, https:\/\/www.leshautesardennes.be\/sah\/files\/2019\/07\/005-1-768x512.jpg 768w, https:\/\/www.leshautesardennes.be\/sah\/files\/2019\/07\/005-1-1024x683.jpg 1024w, https:\/\/www.leshautesardennes.be\/sah\/files\/2019\/07\/005-1.jpg 1417w\" sizes=\"auto, (max-width: 300px) 100vw, 300px\" \/><\/a>\n\t\t\t<\/dt><\/dl><dl class='gallery-item'>\n\t\t\t<dt class='gallery-icon landscape'>\n\t\t\t\t<a href='https:\/\/www.leshautesardennes.be\/sah\/2019\/07\/15\/les-tresors-du-pays-de-salm\/attachment\/001\/'><img loading=\"lazy\" decoding=\"async\" width=\"300\" height=\"200\" src=\"https:\/\/www.leshautesardennes.be\/sah\/files\/2019\/07\/001-300x200.jpg\" class=\"attachment-medium size-medium\" alt=\"\" srcset=\"https:\/\/www.leshautesardennes.be\/sah\/files\/2019\/07\/001-300x200.jpg 300w, https:\/\/www.leshautesardennes.be\/sah\/files\/2019\/07\/001-768x512.jpg 768w, https:\/\/www.leshautesardennes.be\/sah\/files\/2019\/07\/001-1024x683.jpg 1024w, https:\/\/www.leshautesardennes.be\/sah\/files\/2019\/07\/001.jpg 1417w\" sizes=\"auto, (max-width: 300px) 100vw, 300px\" \/><\/a>\n\t\t\t<\/dt><\/dl><br style=\"clear: both\" \/>\n\t\t<\/div>\n\n<p>&nbsp;<\/p>\n<p>Si vous souhaitez r\u00e9aliser le parcours, voici l&rsquo;itin\u00e9raire que vous pouvez t\u00e9l\u00e9charger et imprimer :<\/p>\n<p><a href=\"https:\/\/www.leshautesardennes.be\/sah\/files\/2019\/07\/carte-thr\u00e9sors.jpg\"><img loading=\"lazy\" decoding=\"async\" class=\"aligncenter size-full wp-image-1564\" src=\"https:\/\/www.leshautesardennes.be\/sah\/files\/2019\/07\/carte-thr\u00e9sors.jpg\" alt=\"\" width=\"2338\" height=\"1653\" srcset=\"https:\/\/www.leshautesardennes.be\/sah\/files\/2019\/07\/carte-thr\u00e9sors.jpg 2338w, https:\/\/www.leshautesardennes.be\/sah\/files\/2019\/07\/carte-thr\u00e9sors-300x212.jpg 300w, https:\/\/www.leshautesardennes.be\/sah\/files\/2019\/07\/carte-thr\u00e9sors-768x543.jpg 768w, https:\/\/www.leshautesardennes.be\/sah\/files\/2019\/07\/carte-thr\u00e9sors-1024x724.jpg 1024w\" sizes=\"auto, (max-width: 2338px) 100vw, 2338px\" \/><\/a><\/p>\n","protected":false},"excerpt":{"rendered":"<p>Le dimanche 23 juin, a eu lieu l\u2019inauguration des Tr\u00e9sors du Pays de Salm \u00e0 B\u00eache. C\u2019est donc en cette belle journ\u00e9e ensoleill\u00e9e que les marcheurs \u00e9taient accueillis \u00e0 8h30 \u00e0 la Salle de la Rouge-Rie \u00e0 B\u00eache pour se &hellip; <a href=\"https:\/\/www.leshautesardennes.be\/sah\/2019\/07\/15\/les-tresors-du-pays-de-salm\/\">Continuer la lecture <span class=\"meta-nav\">&rarr;<\/span><\/a><\/p>\n","protected":false},"author":8,"featured_media":1555,"comment_status":"closed","ping_status":"open","sticky":false,"template":"","format":"standard","meta":{"_acf_changed":false,"footnotes":""},"categories":[1],"tags":[],"class_list":["post-1547","post","type-post","status-publish","format-standard","has-post-thumbnail","hentry","category-non-classe"],"acf":[],"_links":{"self":[{"href":"https:\/\/www.leshautesardennes.be\/sah\/wp-json\/wp\/v2\/posts\/1547","targetHints":{"allow":["GET"]}}],"collection":[{"href":"https:\/\/www.leshautesardennes.be\/sah\/wp-json\/wp\/v2\/posts"}],"about":[{"href":"https:\/\/www.leshautesardennes.be\/sah\/wp-json\/wp\/v2\/types\/post"}],"author":[{"embeddable":true,"href":"https:\/\/www.leshautesardennes.be\/sah\/wp-json\/wp\/v2\/users\/8"}],"replies":[{"embeddable":true,"href":"https:\/\/www.leshautesardennes.be\/sah\/wp-json\/wp\/v2\/comments?post=1547"}],"version-history":[{"count":5,"href":"https:\/\/www.leshautesardennes.be\/sah\/wp-json\/wp\/v2\/posts\/1547\/revisions"}],"predecessor-version":[{"id":1565,"href":"https:\/\/www.leshautesardennes.be\/sah\/wp-json\/wp\/v2\/posts\/1547\/revisions\/1565"}],"wp:featuredmedia":[{"embeddable":true,"href":"https:\/\/www.leshautesardennes.be\/sah\/wp-json\/wp\/v2\/media\/1555"}],"wp:attachment":[{"href":"https:\/\/www.leshautesardennes.be\/sah\/wp-json\/wp\/v2\/media?parent=1547"}],"wp:term":[{"taxonomy":"category","embeddable":true,"href":"https:\/\/www.leshautesardennes.be\/sah\/wp-json\/wp\/v2\/categories?post=1547"},{"taxonomy":"post_tag","embeddable":true,"href":"https:\/\/www.leshautesardennes.be\/sah\/wp-json\/wp\/v2\/tags?post=1547"}],"curies":[{"name":"wp","href":"https:\/\/api.w.org\/{rel}","templated":true}]}}