{"id":1542,"date":"2019-05-17T09:20:15","date_gmt":"2019-05-17T07:20:15","guid":{"rendered":"https:\/\/www.leshautesardennes.be\/sah\/?p=1542"},"modified":"2019-05-17T09:20:15","modified_gmt":"2019-05-17T07:20:15","slug":"focus-sur-lactivite-theatre","status":"publish","type":"post","link":"https:\/\/www.leshautesardennes.be\/sah\/2019\/05\/17\/focus-sur-lactivite-theatre\/","title":{"rendered":"Focus sur l&rsquo;activit\u00e9 Th\u00e9\u00e2tre !"},"content":{"rendered":"<p><a href=\"https:\/\/www.leshautesardennes.be\/sah\/files\/2019\/05\/57787359_2201539120107766_2212656826074267648_n-1.jpg\"><img loading=\"lazy\" decoding=\"async\" class=\"aligncenter size-full wp-image-1544\" src=\"https:\/\/www.leshautesardennes.be\/sah\/files\/2019\/05\/57787359_2201539120107766_2212656826074267648_n-1.jpg\" alt=\"\" width=\"2048\" height=\"1536\" srcset=\"https:\/\/www.leshautesardennes.be\/sah\/files\/2019\/05\/57787359_2201539120107766_2212656826074267648_n-1.jpg 2048w, https:\/\/www.leshautesardennes.be\/sah\/files\/2019\/05\/57787359_2201539120107766_2212656826074267648_n-1-300x225.jpg 300w, https:\/\/www.leshautesardennes.be\/sah\/files\/2019\/05\/57787359_2201539120107766_2212656826074267648_n-1-768x576.jpg 768w, https:\/\/www.leshautesardennes.be\/sah\/files\/2019\/05\/57787359_2201539120107766_2212656826074267648_n-1-1024x768.jpg 1024w\" sizes=\"auto, (max-width: 2048px) 100vw, 2048px\" \/><\/a><\/p>\n<p><strong><span style=\"color: #008080\">INTERVIEW DE MARYSE<\/span><\/strong><\/p>\n<p><strong><span style=\"color: #008080\">Qu\u2019est-ce que l\u2019activit\u00e9 Th\u00e9\u00e2tre ?<\/span><\/strong><\/p>\n<p>L\u2019activit\u00e9 Th\u00e9\u00e2tre existe depuis 1990. On a commenc\u00e9 l\u2019activit\u00e9 alors que nous \u00e9tions toujours au Foyer La Hesse, nous n\u2019\u00e9tions pas encore rassembl\u00e9s tous \u00e0 Rencheux. A l\u2019\u00e9poque on devait pr\u00e9parer un spectacle pour Mascarade \u00e0 Bastogne. Ensuite on a continu\u00e9 l\u2019activit\u00e9 et on a \u00e9t\u00e9 invit\u00e9 \u00e0 gauche et \u00e0 droite pour pr\u00e9senter ce que nous faisions. J\u2019ai eu assez vite un groupe cons\u00e9quent donc j\u2019ai demand\u00e9 \u00e0 \u00eatre \u00e9paul\u00e9e par un second \u00e9ducateur. C\u2019est Sabine Goossens qui est venue nous aider pour l\u2019animation. On changeait le th\u00e8me chaque ann\u00e9e ou tous les deux ans. L\u2019activit\u00e9 a toujours eu beaucoup de succ\u00e8s.<br \/>\nDans l\u2019activit\u00e9 th\u00e9\u00e2tre, il y a le respect : on ne se coupe pas la parole, on doit \u00e9couter les autres&#8230; Au fil du temps, la population participante a chang\u00e9. Certains b\u00e9n\u00e9ficiaires sont partis, d\u2019autres nous ont rejoint. On reste cependant un groupe d\u2019environ 15 personnes. Certains participent depuis plusieurs ann\u00e9es, comme Marie-Jos\u00e9e, et en g\u00e9n\u00e9ral ceux qui viennent dans l\u2019activit\u00e9 y restent de nombreuses ann\u00e9es ! D\u00e9sormais, l\u2019activit\u00e9 th\u00e9\u00e2tre a lieu une demi-journ\u00e9e par semaine, le mercredi matin. Lorsque nous avons un spectacle \u00e0 pr\u00e9senter, on demande la semaine pr\u00e9c\u00e9dente pour augmenter la fr\u00e9quence afin de bien se pr\u00e9parer. Tout ce que nous pr\u00e9sentons a \u00e9t\u00e9 cr\u00e9\u00e9 \u00e0 partir des demandes des acteurs. Auparavant, V\u00e9ronique animait l\u2019activit\u00e9 avec nous, \u00eatre trois animateurs \u00e9tait l\u2019id\u00e9al. J\u2019anime d\u00e9sormais l\u2019activit\u00e9 avec St\u00e9phane, mais \u00eatre deux est souvent insuffisant. L\u2019id\u00e9al serait que quelqu\u2019un nous rejoigne.<\/p>\n<p><strong><span style=\"color: #008080\">Quels sont les objectifs de cette activit\u00e9 ?<\/span><\/strong><\/p>\n<p>Les objectifs, c\u2019est d\u2019\u00eatre \u00e0 l\u2019aise en public et \u00eatre invit\u00e9s \u00e0 pr\u00e9senter ce que l\u2019on travaille le mercredi. On va soit \u00e0 des festivals de th\u00e9\u00e2tre comme mercredi prochain \u00e0 Petite Chapelle,<br \/>\nsoit animer des go\u00fbters, des repas&#8230;<\/p>\n<p><strong><span style=\"color: #008080\">Quelles sont les difficult\u00e9s rencontr\u00e9es ?<\/span><\/strong><\/p>\n<p>Certaines personnes ont des difficult\u00e9s \u00e0 se d\u00e9placer, on doit alors penser leur r\u00f4le en tenant compte, par exemple en leur attribuant un r\u00f4le qui n\u00e9cessite d\u2019\u00eatre assis sur une chaise. On essaie bien s\u00fbr que chacun puisse participer activement au spectacle. Quelques difficult\u00e9s li\u00e9es au vieillissement de certains acteurs nous imposent d\u2019adapter notre spectacle et nos attentes, mais cela est normal. Parfois, certains nouveaux acteurs ont des difficult\u00e9s avec le langage oral, cela exige aussi d\u2019adapter le type de spectacle que l\u2019on veut monter.<\/p>\n<p><strong><span style=\"color: #008080\">Quels sont les projets actuels et futurs ?<\/span><\/strong><\/p>\n<p>Actuellement, on travaille sur un spectacle d\u2019ombres chinoises, et on se rend compte qu\u2019il nous faudra beaucoup de personnes aidantes sans quoi on va devoir simplifier. Le spectacle met en sc\u00e8ne des animaux qui sont sur terre et qui sont envoy\u00e9s sur la lune pendant un an pour tester la vie l\u00e0-bas. L\u2019histoire raconte leur adaptation \u00e0 la vie sur la lune, leur rencontre avec les Luniens&#8230; Le spectacle sera s\u00fbrement pr\u00e9sent\u00e9 aux \u00e9quipes des Hautes Ardennes et peut-\u00eatre aux familles par la suite.<\/p>\n<p><em><span style=\"color: #008080\">Beno\u00eet G\u00e9rardy :<\/span><\/em><\/p>\n<p><em><span style=\"color: #008080\">L\u2019activit\u00e9 th\u00e9\u00e2tre pr\u00e9sente plusieurs int\u00e9r\u00eats pour les participants. Elle permet un travail sur la reconnaissance et l\u2019expression des diff\u00e9rentes \u00e9motions. Plusieurs usagers participent \u00e9galement \u00e0 la \u2018construction\u2019 du spectacle, ce qui leur permet sans doute d\u2019ajouter certains \u00e9l\u00e9ments personnels, en lien avec leur histoire, peut-\u00eatre m\u00eame certains \u00e9l\u00e9ments enfouis de leur v\u00e9cu. Il y a en outre un int\u00e9r\u00eat \u00e9vident \u00e0 toute forme d\u2019expression, qu\u2019elle soit sc\u00e9nique, corporelle, verbale. Cela participe de mani\u00e8re g\u00e9n\u00e9rale \u00e0 un \u00e9panouissement personnel.<\/span><\/em><br \/>\n<em><span style=\"color: #008080\">L\u2019activit\u00e9 th\u00e9\u00e2tre a derni\u00e8rement b\u00e9n\u00e9fici\u00e9 des conseils de Delphine No\u00ebl (centre culturel de Marche), sous forme d\u2019une supervision. Cela a aid\u00e9 le groupe \u00e0 aller davantage dans une forme d\u2019improvisation. C\u2019est une vraie avanc\u00e9e, dans le sens o\u00f9 cela invite davantage l\u2019expression libre et la cr\u00e9ativit\u00e9 des participants, que les capacit\u00e9s cognitives (m\u00e9morisation, \u2026), d\u00e9faillantes chez la plupart. Le dernier spectacle auquel j\u2019ai assist\u00e9, \u00e0 l\u2019occasion de la repr\u00e9sentation Mascarade, va clairement dans ce sens.<\/span><\/em><br \/>\n<em><span style=\"color: #008080\">L\u2019atelier th\u00e9\u00e2tre collabore r\u00e9guli\u00e8rement avec d\u2019autres activit\u00e9s expression (percussions, chant, danse) ou avec l\u2019atelier cr\u00e9a-recycl. Il s\u2019inscrit dans une logique de \u2018projet\u2019, en ayant un objectif clair (le spectacle), qui est r\u00e9actualis\u00e9 annuellement. Il a la chance de s\u2019appuyer sur deux animateurs dynamiques et pleinement investis (Maryse et St\u00e9phane), ce qui participe \u00e0 la motivation et l\u2019implication des nombreux participants !<\/span><\/em><\/p>\n","protected":false},"excerpt":{"rendered":"<p>INTERVIEW DE MARYSE Qu\u2019est-ce que l\u2019activit\u00e9 Th\u00e9\u00e2tre ? L\u2019activit\u00e9 Th\u00e9\u00e2tre existe depuis 1990. On a commenc\u00e9 l\u2019activit\u00e9 alors que nous \u00e9tions toujours au Foyer La Hesse, nous n\u2019\u00e9tions pas encore rassembl\u00e9s tous \u00e0 Rencheux. A l\u2019\u00e9poque on devait pr\u00e9parer un &hellip; <a href=\"https:\/\/www.leshautesardennes.be\/sah\/2019\/05\/17\/focus-sur-lactivite-theatre\/\">Continuer la lecture <span class=\"meta-nav\">&rarr;<\/span><\/a><\/p>\n","protected":false},"author":8,"featured_media":0,"comment_status":"closed","ping_status":"open","sticky":false,"template":"","format":"standard","meta":{"_acf_changed":false,"footnotes":""},"categories":[1],"tags":[],"class_list":["post-1542","post","type-post","status-publish","format-standard","hentry","category-non-classe"],"acf":[],"_links":{"self":[{"href":"https:\/\/www.leshautesardennes.be\/sah\/wp-json\/wp\/v2\/posts\/1542","targetHints":{"allow":["GET"]}}],"collection":[{"href":"https:\/\/www.leshautesardennes.be\/sah\/wp-json\/wp\/v2\/posts"}],"about":[{"href":"https:\/\/www.leshautesardennes.be\/sah\/wp-json\/wp\/v2\/types\/post"}],"author":[{"embeddable":true,"href":"https:\/\/www.leshautesardennes.be\/sah\/wp-json\/wp\/v2\/users\/8"}],"replies":[{"embeddable":true,"href":"https:\/\/www.leshautesardennes.be\/sah\/wp-json\/wp\/v2\/comments?post=1542"}],"version-history":[{"count":1,"href":"https:\/\/www.leshautesardennes.be\/sah\/wp-json\/wp\/v2\/posts\/1542\/revisions"}],"predecessor-version":[{"id":1545,"href":"https:\/\/www.leshautesardennes.be\/sah\/wp-json\/wp\/v2\/posts\/1542\/revisions\/1545"}],"wp:attachment":[{"href":"https:\/\/www.leshautesardennes.be\/sah\/wp-json\/wp\/v2\/media?parent=1542"}],"wp:term":[{"taxonomy":"category","embeddable":true,"href":"https:\/\/www.leshautesardennes.be\/sah\/wp-json\/wp\/v2\/categories?post=1542"},{"taxonomy":"post_tag","embeddable":true,"href":"https:\/\/www.leshautesardennes.be\/sah\/wp-json\/wp\/v2\/tags?post=1542"}],"curies":[{"name":"wp","href":"https:\/\/api.w.org\/{rel}","templated":true}]}}