{"id":1536,"date":"2019-03-07T09:50:50","date_gmt":"2019-03-07T07:50:50","guid":{"rendered":"https:\/\/www.leshautesardennes.be\/sah\/?p=1536"},"modified":"2019-03-07T09:50:50","modified_gmt":"2019-03-07T07:50:50","slug":"focus-sur-lactivite-boccia","status":"publish","type":"post","link":"https:\/\/www.leshautesardennes.be\/sah\/2019\/03\/07\/focus-sur-lactivite-boccia\/","title":{"rendered":"Focus sur l&rsquo;activit\u00e9 Boccia"},"content":{"rendered":"<p><a href=\"https:\/\/www.leshautesardennes.be\/sah\/files\/2019\/03\/IMG_9977.jpg\"><img loading=\"lazy\" decoding=\"async\" class=\"aligncenter size-full wp-image-1537\" src=\"https:\/\/www.leshautesardennes.be\/sah\/files\/2019\/03\/IMG_9977.jpg\" alt=\"\" width=\"3889\" height=\"2593\" srcset=\"https:\/\/www.leshautesardennes.be\/sah\/files\/2019\/03\/IMG_9977.jpg 3889w, https:\/\/www.leshautesardennes.be\/sah\/files\/2019\/03\/IMG_9977-300x200.jpg 300w, https:\/\/www.leshautesardennes.be\/sah\/files\/2019\/03\/IMG_9977-768x512.jpg 768w, https:\/\/www.leshautesardennes.be\/sah\/files\/2019\/03\/IMG_9977-1024x683.jpg 1024w\" sizes=\"auto, (max-width: 3889px) 100vw, 3889px\" \/><\/a><\/p>\n<p><span style=\"color: #008080\"><strong>INTERVIEW DE JULIE<\/strong><\/span><\/p>\n<p><strong><span style=\"color: #008080\">Qu\u2019est-ce que l\u2019activit\u00e9 Boccia ?<\/span><\/strong><br \/>\nLe Boccia, c\u2019est une p\u00e9tanque adapt\u00e9e. Elle se joue assise, en \u00e9quipe de 3 joueurs. Il y a une \u00e9quipe bleue et une \u00e9quipe rouge. Ils jouent avec des balles semi-molles en cuir et le but est de se rapprocher du cochonnet qui s\u2019appelle le \u201cJack\u201d. L\u2019activit\u00e9 a commenc\u00e9 en septembre 2016 quand on a cr\u00e9\u00e9 notre club sportif HAViMA. On a commenc\u00e9 assez vite puisqu\u2019on s\u2019\u00e9tait fix\u00e9 le challenge de s\u2019inscrire au championnat de Boccia la m\u00eame ann\u00e9e.<br \/>\nOn a vu une belle \u00e9volution. Au d\u00e9but ce n\u2019\u00e9tait pas \u00e9vident mais apr\u00e8s mon absence de 20 mois, j\u2019ai \u00e9t\u00e9 stup\u00e9faite de voir l\u2019am\u00e9lioration de certains. J\u2019anime cette activit\u00e9 le lundi apr\u00e8s-midi pour une \u00e9quipe qui participe au championnat. Le vendredi matin, c\u2019est \u00e0 la base un entra\u00eenement sans but de comp\u00e9tition pour le moment, mais certains b\u00e9n\u00e9ficiaires ont vraiment bien \u00e9volu\u00e9.<\/p>\n<p><strong><span style=\"color: #008080\">Quels sont les objectifs de cette activit\u00e9 ?<\/span><\/strong><br \/>\nRien que le fait de concourir avec d\u2019autres institutions via le championnat leur apporte beaucoup. Donc c\u2019est avant tout des rencontres. C\u2019est aussi une fiert\u00e9 personnelle de voir l\u2019\u00e9volution et de participer au championnat. On travaille aussi la pr\u00e9cision avec eux.<\/p>\n<p><strong><span style=\"color: #008080\">Quelles sont les difficult\u00e9s rencontr\u00e9es ?<\/span><\/strong><br \/>\nOn n\u2019a pas vraiment rencontr\u00e9 de difficult\u00e9, que ce soit dans la cr\u00e9ation ou dans le d\u00e9roulement de l\u2019activit\u00e9. Au d\u00e9part, on s\u2019\u00e9tait fix\u00e9 le challenge de cr\u00e9er une activit\u00e9 d\u2019un sport collectif, ce qui n\u2019existait pas chez nous. Avec Maxime, qui s\u2019y connaissait bien en sports, on a cr\u00e9\u00e9 l\u2019activit\u00e9 Floorball. Cela ne s\u2019est pas poursuivi, sans doute les consignes \u00e9taient trop compliqu\u00e9es et donc peu adapt\u00e9es. Pourtant lorsqu\u2019on a cr\u00e9\u00e9 HAViMA, on voulait vraiment trouver une discipline dans laquelle les b\u00e9n\u00e9ficiaires pourraient accrocher. L\u2019activit\u00e9 Boccia est une activit\u00e9 qui est adapt\u00e9e \u00e0 tout le monde puisque m\u00eame les personnes voitur\u00e9es peuvent y participer, avec l\u2019aide d\u2019une rampe. Donc, d\u00e8s qu\u2019on nous a pr\u00e9sent\u00e9 le Boccia, on a tr\u00e8s vite accroch\u00e9 et \u00e7a a bien fonctionn\u00e9.<\/p>\n<p><strong><span style=\"color: #008080\">Quels sont les projets actuels et futurs ?<\/span><\/strong><br \/>\nOn participe au championnat une fois par mois. Cette ann\u00e9e, on a 4 \u00e9quipes qui participent dont 2 qui sont tr\u00e8s bien plac\u00e9es dans le classement. Le championnat a lieu de septembre \u00e0 juin et il y a une trentaine d\u2019\u00e9quipes qui participent \u00e0 chaque fois. Pendant les championnats, ce sont les \u00e9ducateurs encadrants qui arbitrent. Ainsi, on est aussi actifs. En plus de \u00e7a, on a d\u2019autres championnats ind\u00e9pendants qui se rajoutent comme celui auquel on participe dans deux semaines.<\/p>\n<p><span style=\"color: #008080\"><strong>Beno\u00eet G\u00e9rardy :<\/strong><\/span><br \/>\n<em>Le 19 mai 2015, nous terminions une r\u00e9union d\u2019\u00e9valuation post-SOB par cette conclusion : \u00ab il y a relativement peu d\u2019esprit d\u2019\u00e9quipe entre nos participants. Ne devrions-nous pas cr\u00e9er chez nous des sports d\u2019\u00e9quipe afin de favoriser cet esprit collectif ? \u00bb<\/em><br \/>\n<em>En 2016, nous avons cr\u00e9\u00e9 le club HAViMA, et tr\u00e8s vite est n\u00e9e l\u2019activit\u00e9 Boccia, gr\u00e2ce au dynamisme de Maxime et Julie.<\/em><br \/>\n<em>Nous avons la grande chance de b\u00e9n\u00e9ficier d\u2019une salle de sport \u00e0 Rencheux, cette activit\u00e9 n\u2019est donc pas tributaire du climat. Elle est par cons\u00e9quent propos\u00e9e de mani\u00e8re ininterrompue durant toute l\u2019ann\u00e9e. \u00ab L\u2019esprit et le corps \u00e9tant les outils premiers des sportifs \u00bb, il s\u2019agit pour chacun de s\u2019engager dans un d\u00e9passement \u2026 parfois au-del\u00e0 des limites que leur impose le handicap. Cette notion de performance (parfois de victoire) participe donc sans doute \u00e0 une meilleure acceptation de soi, de ce corps, parfois source de souffrance ou de d\u00e9valorisation. Ceci est sans doute encore plus vrai pour les personnes voitur\u00e9es, car ce sport se d\u00e9roule assis, il place \u00e0 \u00ab \u00e9galit\u00e9 \u00bb les participants voitur\u00e9s et les autres.<\/em><br \/>\n<em>Enfin, la pratique d\u2019un sport, non seulement favorise le bien-\u00eatre physique et psychologique, mais est aussi socialisante. La participation aux comp\u00e9titions est, par d\u00e9finition, l\u2019occasion de rencontres. Ces rencontres confrontent \u00ab \u00e0 l\u2019autre \u00bb, et n\u00e9cessitent d\u2019int\u00e9grer les notions de fair-play, de dignit\u00e9 dans la d\u00e9faite et d\u2019humilit\u00e9 dans la victoire. Ces comp\u00e9titions sont aussi l\u2019aboutissement du travail r\u00e9alis\u00e9 lors des entra\u00eenements, elles ajoutent tout simplement un sens aux efforts et d\u00e9passement, fournis tout au long de l\u2019ann\u00e9e.<\/em><\/p>\n<p>&nbsp;<\/p>\n<p>&nbsp;<\/p>\n","protected":false},"excerpt":{"rendered":"<p>INTERVIEW DE JULIE Qu\u2019est-ce que l\u2019activit\u00e9 Boccia ? Le Boccia, c\u2019est une p\u00e9tanque adapt\u00e9e. Elle se joue assise, en \u00e9quipe de 3 joueurs. Il y a une \u00e9quipe bleue et une \u00e9quipe rouge. Ils jouent avec des balles semi-molles en &hellip; <a href=\"https:\/\/www.leshautesardennes.be\/sah\/2019\/03\/07\/focus-sur-lactivite-boccia\/\">Continuer la lecture <span class=\"meta-nav\">&rarr;<\/span><\/a><\/p>\n","protected":false},"author":8,"featured_media":0,"comment_status":"closed","ping_status":"open","sticky":false,"template":"","format":"standard","meta":{"_acf_changed":false,"footnotes":""},"categories":[1],"tags":[],"class_list":["post-1536","post","type-post","status-publish","format-standard","hentry","category-non-classe"],"acf":[],"_links":{"self":[{"href":"https:\/\/www.leshautesardennes.be\/sah\/wp-json\/wp\/v2\/posts\/1536","targetHints":{"allow":["GET"]}}],"collection":[{"href":"https:\/\/www.leshautesardennes.be\/sah\/wp-json\/wp\/v2\/posts"}],"about":[{"href":"https:\/\/www.leshautesardennes.be\/sah\/wp-json\/wp\/v2\/types\/post"}],"author":[{"embeddable":true,"href":"https:\/\/www.leshautesardennes.be\/sah\/wp-json\/wp\/v2\/users\/8"}],"replies":[{"embeddable":true,"href":"https:\/\/www.leshautesardennes.be\/sah\/wp-json\/wp\/v2\/comments?post=1536"}],"version-history":[{"count":1,"href":"https:\/\/www.leshautesardennes.be\/sah\/wp-json\/wp\/v2\/posts\/1536\/revisions"}],"predecessor-version":[{"id":1538,"href":"https:\/\/www.leshautesardennes.be\/sah\/wp-json\/wp\/v2\/posts\/1536\/revisions\/1538"}],"wp:attachment":[{"href":"https:\/\/www.leshautesardennes.be\/sah\/wp-json\/wp\/v2\/media?parent=1536"}],"wp:term":[{"taxonomy":"category","embeddable":true,"href":"https:\/\/www.leshautesardennes.be\/sah\/wp-json\/wp\/v2\/categories?post=1536"},{"taxonomy":"post_tag","embeddable":true,"href":"https:\/\/www.leshautesardennes.be\/sah\/wp-json\/wp\/v2\/tags?post=1536"}],"curies":[{"name":"wp","href":"https:\/\/api.w.org\/{rel}","templated":true}]}}