{"id":1510,"date":"2018-11-06T12:43:55","date_gmt":"2018-11-06T10:43:55","guid":{"rendered":"https:\/\/www.leshautesardennes.be\/sah\/?p=1510"},"modified":"2018-11-06T12:44:24","modified_gmt":"2018-11-06T10:44:24","slug":"focus-sur-lactivite-equitation-adaptee","status":"publish","type":"post","link":"https:\/\/www.leshautesardennes.be\/sah\/2018\/11\/06\/focus-sur-lactivite-equitation-adaptee\/","title":{"rendered":"Focus sur l&rsquo;activit\u00e9 \u00e9quitation adapt\u00e9e"},"content":{"rendered":"<p><a href=\"https:\/\/www.leshautesardennes.be\/sah\/files\/2018\/11\/IMG_9758.jpg\"><img loading=\"lazy\" decoding=\"async\" class=\"aligncenter size-full wp-image-1511\" src=\"https:\/\/www.leshautesardennes.be\/sah\/files\/2018\/11\/IMG_9758.jpg\" alt=\"\" width=\"1437\" height=\"798\" srcset=\"https:\/\/www.leshautesardennes.be\/sah\/files\/2018\/11\/IMG_9758.jpg 1437w, https:\/\/www.leshautesardennes.be\/sah\/files\/2018\/11\/IMG_9758-300x167.jpg 300w, https:\/\/www.leshautesardennes.be\/sah\/files\/2018\/11\/IMG_9758-768x426.jpg 768w, https:\/\/www.leshautesardennes.be\/sah\/files\/2018\/11\/IMG_9758-1024x569.jpg 1024w\" sizes=\"auto, (max-width: 1437px) 100vw, 1437px\" \/><\/a><\/p>\n<p><strong><span style=\"color: #008080\">INTERVIEW DE WENDY ET GAELLE, \u00c9DUCATRICES<\/span><\/strong><\/p>\n<p><strong><span style=\"color: #008080\">Qu\u2019est-ce que l\u2019activit\u00e9 \u00e9quitation adapt\u00e9e ?<\/span><\/strong><br \/>\nOn se rend g\u00e9n\u00e9ralement \u00e0 l\u2019\u00e9quitation avec 4 usagers, Dimitri, Mathias, Dominique et Pascal. \u00c0 leur arriv\u00e9e, les cavaliers vont tout d\u2019abord correctement se v\u00eatir afin d\u2019\u00eatre en accord avec l\u2019activit\u00e9. Puis arrive le premier contact avec les chevaux, les amener au man\u00e8ge, les brosser et si les cavaliers montent, mettre les selles et les brides. Avec cette premi\u00e8re approche on peut voir la future relation du cavalier avec sa monture, voir ses craintes, ses d\u00e9couvertes, son \u00e9tonnement ; on participe \u00e0 une relation sensorielle et relationnelle entre les cavaliers et leur monture. Nous utilisons divers jeux de postures, lever les bras, toucher les oreilles du cheval, utiliser des cerceaux, des balles\u2026 D\u00e9velopper la confiance mutuelle entre cavaliers et chevaux. Les participants apprennent \u00e0 diriger le cheval, \u00e0 l\u2019arr\u00eater. Cela stimule \u00e0 la fois la posture, la m\u00e9canique du mouvement et l\u2019\u00e9quilibre. Quand il fait mauvais, on fait des jeux sur la piste mais quand il fait bon on va se promener \u00e0 l\u2019ext\u00e9rieur. On est \u00e0 chaque fois 3 \u00e9ducateurs, parce qu\u2019on a besoin d\u2019\u00eatre suffisamment pour assurer la s\u00e9curit\u00e9. Pour certains b\u00e9n\u00e9ficiaires, il faut un \u00e9ducateur qui tient le cheval et un autre \u00e0 c\u00f4t\u00e9 pour veiller au bon maintien et \u00e0 ce que le cheval reste calme.<\/p>\n<p><span style=\"color: #008080\"><strong>Qu\u2019est-ce que l\u2019activit\u00e9 apporte aux b\u00e9n\u00e9ficiaires ?<\/strong><\/span><br \/>\nL\u2019\u00e9quitation adapt\u00e9e est une activit\u00e9 de sport, de mouvements en groupe. Le cavalier apprend \u00e0 monter \u00e0 cheval et il n\u2019y a pas de but th\u00e9rapeutique en soi. L\u2019usager va d\u00e9velopper de la confiance en soi et de l\u2019estime de soi. Il va apprendre \u00e0 d\u00e9finir ses propres possibilit\u00e9s et ses limites. C\u2019est aussi un entra\u00eenement physique pour le corps. La communication, verbale et non verbale, joue aussi un r\u00f4le important. Ce qui est important dans la mani\u00e8re de travailler, c\u2019est que l\u2019accompagnant cr\u00e9e un climat o\u00f9 la s\u00e9curit\u00e9 physique et mentale est stimul\u00e9e et garantie.<\/p>\n<p><strong><span style=\"color: #008080\">Quelles sont les difficult\u00e9s d\u2019une activit\u00e9 pareille ?<\/span><\/strong><br \/>\nC\u2019est la crainte. La premi\u00e8re fois qu\u2019ils viennent \u00e0 l\u2019activit\u00e9, ils ont souvent peur. C\u2019est un animal qui est grand, qui peut \u00eatre effrayant, qui peut \u00eatre impr\u00e9visible. Les b\u00e9n\u00e9ficiaires ont donc peur d\u2019aller vers lui et il faut le temps qu\u2019ils prennent confiance. Le premier contact est donc important. Il faut bien prendre le temps au moment du brossage de cr\u00e9er un premier contact et voir s\u2019il passe ou pas. On adapte aussi le cheval \u00e0 la personne. Si quelqu\u2019un a des probl\u00e8mes d\u2019\u00e9quilibre, on ne va pas lui mettre un cheval vif.<\/p>\n<p><strong><span style=\"color: #008080\">Quelles sont les projets de cette activit\u00e9 ?<\/span><\/strong><br \/>\nNotre projet \u00e0 long terme, c\u2019est que les b\u00e9n\u00e9ficiaires \u00e9voluent. Durant cette ann\u00e9e, nous avons vu une \u00e9volution de certaines personnes qui ne savaient pas diriger un cheval. Maintenant, ils ont des points de rep\u00e8re et ils savent diriger le cheval seul. Ils se d\u00e9couvrent des comp\u00e9tences qu\u2019ils ignoraient. Notre projet \u00e0 long terme c\u2019est donc leur \u00e9volution et qu\u2019au fur et \u00e0 mesure, ils s\u2019en sortent seuls. Et pourquoi pas, ne plus avoir \u00e0 les aider en tenant leur cheval.<\/p>\n<p>&nbsp;<\/p>\n<p><span style=\"color: #008080\"><strong><a href=\"https:\/\/www.leshautesardennes.be\/sah\/files\/2018\/11\/IMG_9767.jpg\"><img loading=\"lazy\" decoding=\"async\" class=\"wp-image-1512 size-medium alignleft\" src=\"https:\/\/www.leshautesardennes.be\/sah\/files\/2018\/11\/IMG_9767-290x300.jpg\" alt=\"\" width=\"290\" height=\"300\" srcset=\"https:\/\/www.leshautesardennes.be\/sah\/files\/2018\/11\/IMG_9767-290x300.jpg 290w, https:\/\/www.leshautesardennes.be\/sah\/files\/2018\/11\/IMG_9767-768x795.jpg 768w, https:\/\/www.leshautesardennes.be\/sah\/files\/2018\/11\/IMG_9767-989x1024.jpg 989w\" sizes=\"auto, (max-width: 290px) 100vw, 290px\" \/><\/a><\/strong><\/span><\/p>\n<p><span style=\"color: #008080\"><strong>Dominique A<\/strong>. : \u00ab<em> Au fil du temps et parfois en raison de contre-indications m\u00e9dicales, quelques personnes n\u2019ont plus la possibilit\u00e9 de pratiquer l\u2019\u00e9quitation adapt\u00e9e. Suite \u00e0 cela, l\u2019activit\u00e9<\/em><\/span><br \/>\n<span style=\"color: #008080\"><em>accompagnement \u00e9quitation adapt\u00e9e a \u00e9t\u00e9 propos\u00e9e pour r\u00e9pondre \u00e0 un besoin, une envie : pouvoir garder le contact avec les chevaux sans oublier le plaisir de partager un moment pass\u00e9 au grand air en pleine nature. Par la suite, d\u2019autres b\u00e9n\u00e9ficiaires ont rejoint ce groupe de 5 \u00e0 6 personnes. L\u2019\u00e9ducateur qui accompagne peut \u00e9galement pr\u00eater main forte aux animateurs de l\u2019activit\u00e9 \u00e9quitation adapt\u00e9e afin d\u2019aider au bon d\u00e9roulement de la s\u00e9ance. Par exemple, en veillant \u00e0 ce que les cavaliers et accompagnants soient pr\u00eats en temps voulu, avec les \u00e9quipements ad\u00e9quats, v\u00eatus correctement en fonction de la m\u00e9t\u00e9o. Lors des balades sur la voie publique, il aide \u00e9galement \u00e0 assurer la s\u00e9curit\u00e9 du groupe en fermant la marche.<\/em> \u00bb<\/span><\/p>\n<p>&nbsp;<\/p>\n<p>&nbsp;<\/p>\n<p>&nbsp;<\/p>\n<p><strong><span style=\"color: #003366\">Beno\u00eet G\u00e9rardy :<\/span><\/strong><br \/>\n<em><span style=\"color: #003366\">Apr\u00e8s une interruption de plusieurs mois, les s\u00e9ances d\u2019\u00e9quitation adapt\u00e9e ont pu reprendre cet \u00e9t\u00e9 , et se d\u00e9roulent d\u00e9sormais tous les mardis AM et PM, pour autant que le climat le permette bien \u00e9videmment ! Le matin, il faut pr\u00e9voir deux accompagnants par cavalier. Ce sont donc Ga\u00eblle Andr\u00e9, Julie Marmoy, Corinne Vanden et Wendy Monfort qui se relaient, en plus de l\u2019animatrice de l\u2019ASBL \u00ab Les chevaux de Blanche-Fontaine \u00bb. Il y a \u00e9galement un groupe de quelques usagers qui accompagnent le groupe des cavaliers, mais surtout pour profiter du contexte (le man\u00e8ge et les chevaux, ainsi que la possibilit\u00e9 de se balader). Ils sont accompagn\u00e9s par Dominique Archambeau et Thibault Bielande. L\u2019apr\u00e8s-midi, C\u00e9cile Hubert accompagne seule le groupe, il s\u2019agit en effet de cavaliers plus confirm\u00e9s, ayant un meilleur \u00e9quilibre.<\/span><\/em><br \/>\n<em><span style=\"color: #003366\">Les s\u00e9ances se d\u00e9roulent au man\u00e8ge couvert \u00e0 Blanche Fontaine. Comme c\u2019est en bordure du RAVeL \u00ab Vielsalm-St Vith \u00bb, elles peuvent \u00eatre compl\u00e9t\u00e9es par des balades sur ce r\u00e9seau, en toute s\u00e9curit\u00e9. Pour rappel, c\u2019est \u00e9galement \u00e0 Blanche Fontaine que Norvic, le cheval appartenant aux Hautes Ardennes, profite d\u2019une retraite paisible (et de nos caresses le mardi !). On parle donc ici d\u2019\u00e9quitation adapt\u00e9e et non d\u2019hippoth\u00e9rapie, car il n\u2019y a pas de plan th\u00e9rapeutique individuel formalis\u00e9 (comme c\u2019\u00e9tait le cas jadis), ni de th\u00e9rapeute qualifi\u00e9 pr\u00e9sent lors des s\u00e9ances. Ce sont surtout les objectifs de coordination des r\u00e9flexes, d\u2019\u00e9quilibre, de d\u00e9veloppement psychomoteur et physique, et de confiance, qui sont travaill\u00e9s. Cette activit\u00e9 compl\u00e8te notre panel des activit\u00e9s sports\/mouvements, elle est d\u00e9sormais reprise dans le cadre d\u2019HAViMA. Elle \u00e9tait auparavant une discipline des SOB \u00e0 laquelle nous participions chaque ann\u00e9e. Les s\u00e9ances d\u2019hippoth\u00e9rapie sont, par contre, confi\u00e9es \u00e0 l\u2019ASBL \u00ab L\u2019autre Emoi \u00bb, et se d\u00e9roulent les mercredi AM (projet Arc en Ciel) et PM (projet Accompagnement Adapt\u00e9). Elles feront l\u2019objet d\u2019un article ult\u00e9rieur dans FOCUS \u2026.<\/span><\/em><\/p>\n<p>&nbsp;<\/p>\n","protected":false},"excerpt":{"rendered":"<p>INTERVIEW DE WENDY ET GAELLE, \u00c9DUCATRICES Qu\u2019est-ce que l\u2019activit\u00e9 \u00e9quitation adapt\u00e9e ? On se rend g\u00e9n\u00e9ralement \u00e0 l\u2019\u00e9quitation avec 4 usagers, Dimitri, Mathias, Dominique et Pascal. \u00c0 leur arriv\u00e9e, les cavaliers vont tout d\u2019abord correctement se v\u00eatir afin d\u2019\u00eatre en &hellip; <a href=\"https:\/\/www.leshautesardennes.be\/sah\/2018\/11\/06\/focus-sur-lactivite-equitation-adaptee\/\">Continuer la lecture <span class=\"meta-nav\">&rarr;<\/span><\/a><\/p>\n","protected":false},"author":8,"featured_media":0,"comment_status":"closed","ping_status":"open","sticky":false,"template":"","format":"standard","meta":{"_acf_changed":false,"footnotes":""},"categories":[1],"tags":[],"class_list":["post-1510","post","type-post","status-publish","format-standard","hentry","category-non-classe"],"acf":[],"_links":{"self":[{"href":"https:\/\/www.leshautesardennes.be\/sah\/wp-json\/wp\/v2\/posts\/1510","targetHints":{"allow":["GET"]}}],"collection":[{"href":"https:\/\/www.leshautesardennes.be\/sah\/wp-json\/wp\/v2\/posts"}],"about":[{"href":"https:\/\/www.leshautesardennes.be\/sah\/wp-json\/wp\/v2\/types\/post"}],"author":[{"embeddable":true,"href":"https:\/\/www.leshautesardennes.be\/sah\/wp-json\/wp\/v2\/users\/8"}],"replies":[{"embeddable":true,"href":"https:\/\/www.leshautesardennes.be\/sah\/wp-json\/wp\/v2\/comments?post=1510"}],"version-history":[{"count":2,"href":"https:\/\/www.leshautesardennes.be\/sah\/wp-json\/wp\/v2\/posts\/1510\/revisions"}],"predecessor-version":[{"id":1514,"href":"https:\/\/www.leshautesardennes.be\/sah\/wp-json\/wp\/v2\/posts\/1510\/revisions\/1514"}],"wp:attachment":[{"href":"https:\/\/www.leshautesardennes.be\/sah\/wp-json\/wp\/v2\/media?parent=1510"}],"wp:term":[{"taxonomy":"category","embeddable":true,"href":"https:\/\/www.leshautesardennes.be\/sah\/wp-json\/wp\/v2\/categories?post=1510"},{"taxonomy":"post_tag","embeddable":true,"href":"https:\/\/www.leshautesardennes.be\/sah\/wp-json\/wp\/v2\/tags?post=1510"}],"curies":[{"name":"wp","href":"https:\/\/api.w.org\/{rel}","templated":true}]}}