{"id":1471,"date":"2018-07-10T09:01:25","date_gmt":"2018-07-10T07:01:25","guid":{"rendered":"https:\/\/www.leshautesardennes.be\/sah\/?p=1471"},"modified":"2018-07-10T09:01:25","modified_gmt":"2018-07-10T07:01:25","slug":"focus-sur-lactivite-crea-recycl","status":"publish","type":"post","link":"https:\/\/www.leshautesardennes.be\/sah\/2018\/07\/10\/focus-sur-lactivite-crea-recycl\/","title":{"rendered":"Focus sur l&rsquo;activit\u00e9 Cr\u00e9a Recycl"},"content":{"rendered":"<p><a href=\"https:\/\/www.leshautesardennes.be\/sah\/files\/2018\/07\/IMG_9525-1.jpg\"><img loading=\"lazy\" decoding=\"async\" class=\"aligncenter size-full wp-image-1473\" src=\"https:\/\/www.leshautesardennes.be\/sah\/files\/2018\/07\/IMG_9525-1.jpg\" alt=\"\" width=\"1000\" height=\"477\" srcset=\"https:\/\/www.leshautesardennes.be\/sah\/files\/2018\/07\/IMG_9525-1.jpg 1000w, https:\/\/www.leshautesardennes.be\/sah\/files\/2018\/07\/IMG_9525-1-300x143.jpg 300w, https:\/\/www.leshautesardennes.be\/sah\/files\/2018\/07\/IMG_9525-1-768x366.jpg 768w\" sizes=\"auto, (max-width: 1000px) 100vw, 1000px\" \/><\/a><\/p>\n<p>INTERVIEW DE G\u00c9RALDINE, EDUCATRICE<\/p>\n<p>Qu\u2019est-ce que l\u2019activit\u00e9 Cr\u00e9a Recycl ?<\/p>\n<p>L\u2019activit\u00e9 touche le recyclage et la r\u00e9cup\u00e9ration. On part des forces des personnes qu\u2019on met en sc\u00e8ne en fonction de leurs envies et des projets. On essaie aussi de faire des plus gros projets en groupe, et l\u00e0, on essaie de prendre les particularit\u00e9s de chacun pour arriver \u00e0 un projet commun. L\u2019activit\u00e9 a lieu 8 demi-journ\u00e9es par semaine. C\u2019est un large public puisqu\u2019on a les participants de l\u2019activit\u00e9 jardinage qui reviennent ici parfois.<br \/>\nIl peut donc y avoir des groupes d\u2019hommes, qui vont travailler plus le bois. Cela rappelle des souvenirs aux anciens travailleurs de l\u2019atelier prot\u00e9g\u00e9. Ils font les c\u0153urs en bois, les sapins, ils pyrogravent les planches, poncent&#8230;<br \/>\n\u00c0 c\u00f4t\u00e9 de \u00e7a, on a aussi des groupes de femmes qui travaillent plus la laine, la couture&#8230; Par exemple, Lucienne r\u00e9alise des carr\u00e9s u crochet et on se retrouve avec des centaines de carr\u00e9s qu\u2019il faut qu\u2019on rentabilise. Il y a aussi les fleurs de Patricia qu\u2019elle fait en partie chez elle et qu\u2019elle nous ram\u00e8ne. Ce n\u2019est donc pas uniquement des choses qu\u2019ils font en activit\u00e9, c\u2019est aussi des choses qu\u2019ils ram\u00e8nent de chez eux. On va travailler ce qu\u2019ils ma\u00eetrisent mais aussi essayer de nouvelles techniques.<\/p>\n<p>Quel est le but de l\u2019activit\u00e9 ?<\/p>\n<p>Un des buts recherch\u00e9s est d\u2019encourager et permettre la cr\u00e9ation, le choix dans les travaux, la transformation de leurs id\u00e9es en r\u00e9alisations sur base du recyclage. L\u2019activit\u00e9 favorise l\u2019entraide et la compl\u00e9mentarit\u00e9 entre nos r\u00e9sidents, de fa\u00e7on \u00e0 ce que les capacit\u00e9s de chacun soient mises au profit des autres. Mais elle favorise aussi la collaboration avec d\u2019autres activit\u00e9s quand on en a besoin comme avec les Rangers, le jardinage, le jardin sensoriel et bien d\u2019autres&#8230; On fait des r\u00e9alisations individuelles pour l\u2019am\u00e9nagement des lieux de vie, faire des cadeaux, mais aussi des \u0153uvres collectives auxquelles chacun participe au fil de son envie et de ses capacit\u00e9s. Nous rendons visibles nos r\u00e9alisations de mani\u00e8re locale par le biais d\u2019expositions et de ventes pour la valorisation personnelle de nos r\u00e9sidents. Un objectif important est d\u2019offrir une ambiance, du plaisir au travers d\u2019un climat convivial et d\u2019\u00eatre en contact avec l\u2019ext\u00e9rieur dans le cadre des projets.<\/p>\n<p>Quelles sont les difficult\u00e9s rencontr\u00e9es ?<\/p>\n<p>Ce qui est difficile, c\u2019est de prendre le temps d\u2019apprendre de nouvelles choses, de nouvelles techniques, vu le nombre de participants et le fait qu\u2019il faut trouver et valoriser les comp\u00e9tences de chacun. Il faut aussi \u00eatre sans cesse \u00e0 la recherche de nouvelles id\u00e9es et de mat\u00e9riel pour r\u00e9pondre \u00e0 la demande afin que chacun soit au travail chaque jour. Il ne faut pas non plus entrer dans de la production lorsqu\u2019il y a des demandes ext\u00e9rieures. L\u2019activit\u00e9 doit rester un plaisir et doit se d\u00e9rouler sans pression.<\/p>\n<p>Quels sont les projets actuels et futurs ?<\/p>\n<p>Derni\u00e8rement, nous avons cr\u00e9\u00e9 des attrape-r\u00eaves. Il s\u2019agissait d\u2019un travail commun auquel chacun a particip\u00e9. Que ce soit la pose des perles, couper des bandes de tissus, enrouler, tresser, nouer&#8230; Pour No\u00ebl, nous allons d\u00e9corer le restaurant avec des sapins en bois comme nous l\u2019avons fait les autres ann\u00e9es. On participe aussi chaque ann\u00e9e au projet Mascarade, qui aura lieu bient\u00f4t. On d\u00e9core les jardins et les lieux de vie mais aussi les espaces personnels des r\u00e9sidents. Bien s\u00fbr, on va continuer \u00e0 participer \u00e0 des expositions locales et ext\u00e9rieures en fonction des demandes et de nos possibilit\u00e9s, ce qui va d\u00e9terminer nos travaux futurs. Le dimanche 24 juin, par exemple, nous avons particip\u00e9 au weekend de la laine \u00e0 Rogery o\u00f9 nous avons expos\u00e9 nos \u0153uvres.<\/p>\n<p>&nbsp;<\/p>\n<p>&nbsp;<\/p>\n<p>Beno\u00eet G\u00e9rardy :<\/p>\n<p>L\u2019activit\u00e9 Cr\u00e9a-Recycl est la continuit\u00e9 d\u2019une ancienne activit\u00e9 \u00ab marionnettes \u00bb. Plusieurs figurines sont encore pr\u00e9sentes accroch\u00e9es dans le local.<br \/>\nD\u00e9sormais elle est ouverte \u00e0 de multiples cr\u00e9ations, collectives ou individuelles, dont le d\u00e9nominateur commun est l\u2019utilisation de mat\u00e9riaux \u00e0 recycler, donc sans valeur. Il est d\u00e8s lors encore plus remarquable d\u2019aboutir \u00e0 une telle qualit\u00e9, une telle originalit\u00e9, une telle esth\u00e9tique !<br \/>\nLes animatrices se font un devoir de rendre \u2018possibles et r\u00e9alisables\u2019 les id\u00e9es amen\u00e9es par les<br \/>\nparticipants m\u00eames.<br \/>\nElles veulent aussi induire une dynamique de collaboration et de compl\u00e9mentarit\u00e9 entre tous, autant pour des r\u00e9alisations collectives que personnelles, ce en s\u2019appuyant sur les comp\u00e9tences sp\u00e9cifiques de chacun.<br \/>\nLorsque l\u2019on me demande d\u2019associer une finalit\u00e9 principale \u00e0 ce projet, j\u2019avoue que j\u2019ai des difficult\u00e9s \u00e0 le d\u00e9partager entre \u00ab cr\u00e9ation expression \u00bb et \u00ab utilit\u00e9 sociale \u00bb, les deux dimensions \u00e9tant fortement pr\u00e9sentes.<\/p>\n","protected":false},"excerpt":{"rendered":"<p>INTERVIEW DE G\u00c9RALDINE, EDUCATRICE Qu\u2019est-ce que l\u2019activit\u00e9 Cr\u00e9a Recycl ? L\u2019activit\u00e9 touche le recyclage et la r\u00e9cup\u00e9ration. On part des forces des personnes qu\u2019on met en sc\u00e8ne en fonction de leurs envies et des projets. On essaie aussi de faire &hellip; <a href=\"https:\/\/www.leshautesardennes.be\/sah\/2018\/07\/10\/focus-sur-lactivite-crea-recycl\/\">Continuer la lecture <span class=\"meta-nav\">&rarr;<\/span><\/a><\/p>\n","protected":false},"author":8,"featured_media":0,"comment_status":"closed","ping_status":"open","sticky":false,"template":"","format":"standard","meta":{"_acf_changed":false,"footnotes":""},"categories":[1],"tags":[],"class_list":["post-1471","post","type-post","status-publish","format-standard","hentry","category-non-classe"],"acf":[],"_links":{"self":[{"href":"https:\/\/www.leshautesardennes.be\/sah\/wp-json\/wp\/v2\/posts\/1471","targetHints":{"allow":["GET"]}}],"collection":[{"href":"https:\/\/www.leshautesardennes.be\/sah\/wp-json\/wp\/v2\/posts"}],"about":[{"href":"https:\/\/www.leshautesardennes.be\/sah\/wp-json\/wp\/v2\/types\/post"}],"author":[{"embeddable":true,"href":"https:\/\/www.leshautesardennes.be\/sah\/wp-json\/wp\/v2\/users\/8"}],"replies":[{"embeddable":true,"href":"https:\/\/www.leshautesardennes.be\/sah\/wp-json\/wp\/v2\/comments?post=1471"}],"version-history":[{"count":1,"href":"https:\/\/www.leshautesardennes.be\/sah\/wp-json\/wp\/v2\/posts\/1471\/revisions"}],"predecessor-version":[{"id":1474,"href":"https:\/\/www.leshautesardennes.be\/sah\/wp-json\/wp\/v2\/posts\/1471\/revisions\/1474"}],"wp:attachment":[{"href":"https:\/\/www.leshautesardennes.be\/sah\/wp-json\/wp\/v2\/media?parent=1471"}],"wp:term":[{"taxonomy":"category","embeddable":true,"href":"https:\/\/www.leshautesardennes.be\/sah\/wp-json\/wp\/v2\/categories?post=1471"},{"taxonomy":"post_tag","embeddable":true,"href":"https:\/\/www.leshautesardennes.be\/sah\/wp-json\/wp\/v2\/tags?post=1471"}],"curies":[{"name":"wp","href":"https:\/\/api.w.org\/{rel}","templated":true}]}}