{"id":1464,"date":"2018-06-26T10:24:44","date_gmt":"2018-06-26T08:24:44","guid":{"rendered":"https:\/\/www.leshautesardennes.be\/sah\/?p=1464"},"modified":"2018-06-26T10:25:14","modified_gmt":"2018-06-26T08:25:14","slug":"1464","status":"publish","type":"post","link":"https:\/\/www.leshautesardennes.be\/sah\/2018\/06\/26\/1464\/","title":{"rendered":"Profitez d\u2019un nouveau jardin partag\u00e9 \u00e0 Vielsalm\u00a0!"},"content":{"rendered":"<p>Vous ne disposez pas d\u2019un endroit pour cultiver et vous souhaitez vous mettre au jardinage\u00a0? Un jardin partag\u00e9 est en train de voir le jour \u00e0 Vielsalm, derri\u00e8re la maison de repos La Bouvi\u00e8re et le Foyer La Hesse, et est maintenant accessible (aux citoyens de la commune).<\/p>\n<p>Qu\u2019est-ce qu\u2019un jardin partag\u00e9\u00a0? C\u2019est un espace de culture divis\u00e9 en plusieurs parcelles. Ces parcelles sont attribu\u00e9es \u00e0 des personnes qui cultivent leurs propres l\u00e9gumes.<\/p>\n<p>Il a \u00e9galement pour but de favoriser l\u2019acc\u00e8s \u00e0 des produits de qualit\u00e9 en privil\u00e9giant le circuit court, de renforcer l\u2019\u00e9ducation \u00e0 une alimentation de qualit\u00e9 par la mise en place d\u2019un jardin didactique ouvert aux \u00e9l\u00e8ves de l\u2019enseignement primaire et de favoriser des liens sociaux entre diff\u00e9rents publics.<\/p>\n<p>Cet espace, ouvert \u00e0 tous, a pu voir le jour gr\u00e2ce \u00e0 la collaboration de l\u2019ASBL Les Hautes Ardennes, de l\u2019Entreprise de Travail Adapt\u00e9 de Vielsalm, du CPAS de Vielsalm et du D\u00e9partement \u00ab\u00a0Conducteurs d\u2019Engins de Chantier \u00bb de l\u2019Ath\u00e9n\u00e9e Royal de Vielsalm-Manhay qui s\u2019est charg\u00e9 notamment des gros travaux d\u2019am\u00e9nagement.<\/p>\n<p><strong>Comment cela va-t-il se passer concr\u00e8tement\u00a0? <\/strong><\/p>\n<p>Vous aurez \u00e0 votre disposition\u00a0:<\/p>\n<ul>\n<li>Une parcelle d\u00e9limit\u00e9e de dimensions variables selon vos besoins\u00a0;<\/li>\n<li>Des outils mis en commun\u00a0;<\/li>\n<li>Un abri pour stocker votre propre mat\u00e9riel\u00a0;<\/li>\n<li>De l\u2019eau\u00a0;<\/li>\n<li>Du compost\u00a0;<\/li>\n<li>Des conteneurs pour les d\u00e9chets organiques.<\/li>\n<\/ul>\n<p>Les parcelles sont disponibles d\u00e8s \u00e0 pr\u00e9sent, moyennant une participation annuelle de 0,50 \u20ac par m\u00b2. Vous devrez adh\u00e9rer \u00e0 une charte reprenant certains principes tels que l\u2019obligation de pratiquer une culture propre, d\u2019entretenir correctement votre parcelle\u2026<\/p>\n<p>Pour plus d\u2019informations, n\u2019h\u00e9sitez pas \u00e0 prendre contact avec la personne responsable au 0489\/19.86.70.<\/p>\n<p>&nbsp;<\/p>\n<p><a href=\"https:\/\/www.leshautesardennes.be\/sah\/files\/2018\/06\/IMG_9555-1.jpg\"><img loading=\"lazy\" decoding=\"async\" class=\"aligncenter size-full wp-image-1466\" src=\"https:\/\/www.leshautesardennes.be\/sah\/files\/2018\/06\/IMG_9555-1.jpg\" alt=\"\" width=\"1000\" height=\"666\" srcset=\"https:\/\/www.leshautesardennes.be\/sah\/files\/2018\/06\/IMG_9555-1.jpg 1000w, https:\/\/www.leshautesardennes.be\/sah\/files\/2018\/06\/IMG_9555-1-300x200.jpg 300w, https:\/\/www.leshautesardennes.be\/sah\/files\/2018\/06\/IMG_9555-1-768x511.jpg 768w\" sizes=\"auto, (max-width: 1000px) 100vw, 1000px\" \/><\/a><\/p>\n","protected":false},"excerpt":{"rendered":"<p>Vous ne disposez pas d\u2019un endroit pour cultiver et vous souhaitez vous mettre au jardinage\u00a0? Un jardin partag\u00e9 est en train de voir le jour \u00e0 Vielsalm, derri\u00e8re la maison de repos La Bouvi\u00e8re et le Foyer La Hesse, et &hellip; <a href=\"https:\/\/www.leshautesardennes.be\/sah\/2018\/06\/26\/1464\/\">Continuer la lecture <span class=\"meta-nav\">&rarr;<\/span><\/a><\/p>\n","protected":false},"author":8,"featured_media":0,"comment_status":"closed","ping_status":"open","sticky":false,"template":"","format":"standard","meta":{"_acf_changed":false,"footnotes":""},"categories":[1],"tags":[],"class_list":["post-1464","post","type-post","status-publish","format-standard","hentry","category-non-classe"],"acf":[],"_links":{"self":[{"href":"https:\/\/www.leshautesardennes.be\/sah\/wp-json\/wp\/v2\/posts\/1464","targetHints":{"allow":["GET"]}}],"collection":[{"href":"https:\/\/www.leshautesardennes.be\/sah\/wp-json\/wp\/v2\/posts"}],"about":[{"href":"https:\/\/www.leshautesardennes.be\/sah\/wp-json\/wp\/v2\/types\/post"}],"author":[{"embeddable":true,"href":"https:\/\/www.leshautesardennes.be\/sah\/wp-json\/wp\/v2\/users\/8"}],"replies":[{"embeddable":true,"href":"https:\/\/www.leshautesardennes.be\/sah\/wp-json\/wp\/v2\/comments?post=1464"}],"version-history":[{"count":2,"href":"https:\/\/www.leshautesardennes.be\/sah\/wp-json\/wp\/v2\/posts\/1464\/revisions"}],"predecessor-version":[{"id":1468,"href":"https:\/\/www.leshautesardennes.be\/sah\/wp-json\/wp\/v2\/posts\/1464\/revisions\/1468"}],"wp:attachment":[{"href":"https:\/\/www.leshautesardennes.be\/sah\/wp-json\/wp\/v2\/media?parent=1464"}],"wp:term":[{"taxonomy":"category","embeddable":true,"href":"https:\/\/www.leshautesardennes.be\/sah\/wp-json\/wp\/v2\/categories?post=1464"},{"taxonomy":"post_tag","embeddable":true,"href":"https:\/\/www.leshautesardennes.be\/sah\/wp-json\/wp\/v2\/tags?post=1464"}],"curies":[{"name":"wp","href":"https:\/\/api.w.org\/{rel}","templated":true}]}}