{"id":1442,"date":"2018-06-04T15:59:39","date_gmt":"2018-06-04T13:59:39","guid":{"rendered":"https:\/\/www.leshautesardennes.be\/sah\/?p=1442"},"modified":"2018-06-04T15:59:39","modified_gmt":"2018-06-04T13:59:39","slug":"marche-havima-2eme-edition","status":"publish","type":"post","link":"https:\/\/www.leshautesardennes.be\/sah\/2018\/06\/04\/marche-havima-2eme-edition\/","title":{"rendered":"Marche HAViMA : 2\u00e8me \u00e9dition !"},"content":{"rendered":"<p style=\"text-align: left\">Le mercredi 23 mai, le groupe HAViMA organisait pour la seconde ann\u00e9e leur marche dans la r\u00e9gion. Trois parcours \u00e9taient propos\u00e9s, un parcours de 2km accessible au PMR, un de 5km et un de 10km. Plusieurs autres institutions \u00e9taient au rendez-vous pour d\u00e9couvrir notre belle r\u00e9gion. C\u2019\u00e9tait m\u00eame l\u2019occasion pour certains de retrouver des amis rencontr\u00e9s lors d\u2019activit\u00e9s ext\u00e9rieures !<\/p>\n<p><a href=\"https:\/\/www.leshautesardennes.be\/sah\/files\/2018\/06\/3.jpg\"><img loading=\"lazy\" decoding=\"async\" class=\"aligncenter size-medium wp-image-1458\" src=\"https:\/\/www.leshautesardennes.be\/sah\/files\/2018\/06\/3-300x200.jpg\" alt=\"\" width=\"300\" height=\"200\" srcset=\"https:\/\/www.leshautesardennes.be\/sah\/files\/2018\/06\/3-300x200.jpg 300w, https:\/\/www.leshautesardennes.be\/sah\/files\/2018\/06\/3.jpg 425w\" sizes=\"auto, (max-width: 300px) 100vw, 300px\" \/><\/a> <a href=\"https:\/\/www.leshautesardennes.be\/sah\/files\/2018\/06\/2.jpg\"><img loading=\"lazy\" decoding=\"async\" class=\"aligncenter size-medium wp-image-1457\" src=\"https:\/\/www.leshautesardennes.be\/sah\/files\/2018\/06\/2-300x200.jpg\" alt=\"\" width=\"300\" height=\"200\" srcset=\"https:\/\/www.leshautesardennes.be\/sah\/files\/2018\/06\/2-300x200.jpg 300w, https:\/\/www.leshautesardennes.be\/sah\/files\/2018\/06\/2.jpg 425w\" sizes=\"auto, (max-width: 300px) 100vw, 300px\" \/><\/a> <a href=\"https:\/\/www.leshautesardennes.be\/sah\/files\/2018\/06\/1.jpg\"><img loading=\"lazy\" decoding=\"async\" class=\"aligncenter size-medium wp-image-1456\" src=\"https:\/\/www.leshautesardennes.be\/sah\/files\/2018\/06\/1-300x200.jpg\" alt=\"\" width=\"300\" height=\"200\" srcset=\"https:\/\/www.leshautesardennes.be\/sah\/files\/2018\/06\/1-300x200.jpg 300w, https:\/\/www.leshautesardennes.be\/sah\/files\/2018\/06\/1.jpg 425w\" sizes=\"auto, (max-width: 300px) 100vw, 300px\" \/><\/a> <a href=\"https:\/\/www.leshautesardennes.be\/sah\/files\/2018\/06\/13.jpg\"><img loading=\"lazy\" decoding=\"async\" class=\"aligncenter size-medium wp-image-1455\" src=\"https:\/\/www.leshautesardennes.be\/sah\/files\/2018\/06\/13-300x200.jpg\" alt=\"\" width=\"300\" height=\"200\" srcset=\"https:\/\/www.leshautesardennes.be\/sah\/files\/2018\/06\/13-300x200.jpg 300w, https:\/\/www.leshautesardennes.be\/sah\/files\/2018\/06\/13.jpg 425w\" sizes=\"auto, (max-width: 300px) 100vw, 300px\" \/><\/a> <a href=\"https:\/\/www.leshautesardennes.be\/sah\/files\/2018\/06\/12.jpg\"><img loading=\"lazy\" decoding=\"async\" class=\"aligncenter size-medium wp-image-1454\" src=\"https:\/\/www.leshautesardennes.be\/sah\/files\/2018\/06\/12-300x200.jpg\" alt=\"\" width=\"300\" height=\"200\" srcset=\"https:\/\/www.leshautesardennes.be\/sah\/files\/2018\/06\/12-300x200.jpg 300w, https:\/\/www.leshautesardennes.be\/sah\/files\/2018\/06\/12.jpg 425w\" sizes=\"auto, (max-width: 300px) 100vw, 300px\" \/><\/a> <a href=\"https:\/\/www.leshautesardennes.be\/sah\/files\/2018\/06\/11.jpg\"><img loading=\"lazy\" decoding=\"async\" class=\"aligncenter size-medium wp-image-1453\" src=\"https:\/\/www.leshautesardennes.be\/sah\/files\/2018\/06\/11-300x200.jpg\" alt=\"\" width=\"300\" height=\"200\" srcset=\"https:\/\/www.leshautesardennes.be\/sah\/files\/2018\/06\/11-300x200.jpg 300w, https:\/\/www.leshautesardennes.be\/sah\/files\/2018\/06\/11.jpg 425w\" sizes=\"auto, (max-width: 300px) 100vw, 300px\" \/><\/a> <a href=\"https:\/\/www.leshautesardennes.be\/sah\/files\/2018\/06\/10.jpg\"><img loading=\"lazy\" decoding=\"async\" class=\"aligncenter size-medium wp-image-1452\" src=\"https:\/\/www.leshautesardennes.be\/sah\/files\/2018\/06\/10-300x200.jpg\" alt=\"\" width=\"300\" height=\"200\" srcset=\"https:\/\/www.leshautesardennes.be\/sah\/files\/2018\/06\/10-300x200.jpg 300w, https:\/\/www.leshautesardennes.be\/sah\/files\/2018\/06\/10.jpg 425w\" sizes=\"auto, (max-width: 300px) 100vw, 300px\" \/><\/a> <a href=\"https:\/\/www.leshautesardennes.be\/sah\/files\/2018\/06\/9.jpg\"><img loading=\"lazy\" decoding=\"async\" class=\"aligncenter size-medium wp-image-1451\" src=\"https:\/\/www.leshautesardennes.be\/sah\/files\/2018\/06\/9-300x200.jpg\" alt=\"\" width=\"300\" height=\"200\" srcset=\"https:\/\/www.leshautesardennes.be\/sah\/files\/2018\/06\/9-300x200.jpg 300w, https:\/\/www.leshautesardennes.be\/sah\/files\/2018\/06\/9.jpg 425w\" sizes=\"auto, (max-width: 300px) 100vw, 300px\" \/><\/a> <a href=\"https:\/\/www.leshautesardennes.be\/sah\/files\/2018\/06\/4.jpg\"><img loading=\"lazy\" decoding=\"async\" class=\"aligncenter size-medium wp-image-1446\" src=\"https:\/\/www.leshautesardennes.be\/sah\/files\/2018\/06\/4-300x200.jpg\" alt=\"\" width=\"300\" height=\"200\" srcset=\"https:\/\/www.leshautesardennes.be\/sah\/files\/2018\/06\/4-300x200.jpg 300w, https:\/\/www.leshautesardennes.be\/sah\/files\/2018\/06\/4.jpg 425w\" sizes=\"auto, (max-width: 300px) 100vw, 300px\" \/><\/a> <a href=\"https:\/\/www.leshautesardennes.be\/sah\/files\/2018\/06\/5.jpg\"><img loading=\"lazy\" decoding=\"async\" class=\"aligncenter size-medium wp-image-1447\" src=\"https:\/\/www.leshautesardennes.be\/sah\/files\/2018\/06\/5-300x200.jpg\" alt=\"\" width=\"300\" height=\"200\" srcset=\"https:\/\/www.leshautesardennes.be\/sah\/files\/2018\/06\/5-300x200.jpg 300w, https:\/\/www.leshautesardennes.be\/sah\/files\/2018\/06\/5.jpg 425w\" sizes=\"auto, (max-width: 300px) 100vw, 300px\" \/><\/a> <a href=\"https:\/\/www.leshautesardennes.be\/sah\/files\/2018\/06\/6.jpg\"><img loading=\"lazy\" decoding=\"async\" class=\"aligncenter size-medium wp-image-1448\" src=\"https:\/\/www.leshautesardennes.be\/sah\/files\/2018\/06\/6-300x200.jpg\" alt=\"\" width=\"300\" height=\"200\" srcset=\"https:\/\/www.leshautesardennes.be\/sah\/files\/2018\/06\/6-300x200.jpg 300w, https:\/\/www.leshautesardennes.be\/sah\/files\/2018\/06\/6.jpg 425w\" sizes=\"auto, (max-width: 300px) 100vw, 300px\" \/><\/a> <a href=\"https:\/\/www.leshautesardennes.be\/sah\/files\/2018\/06\/7.jpg\"><img loading=\"lazy\" decoding=\"async\" class=\"aligncenter size-medium wp-image-1449\" src=\"https:\/\/www.leshautesardennes.be\/sah\/files\/2018\/06\/7-300x200.jpg\" alt=\"\" width=\"300\" height=\"200\" srcset=\"https:\/\/www.leshautesardennes.be\/sah\/files\/2018\/06\/7-300x200.jpg 300w, https:\/\/www.leshautesardennes.be\/sah\/files\/2018\/06\/7.jpg 425w\" sizes=\"auto, (max-width: 300px) 100vw, 300px\" \/><\/a> <a href=\"https:\/\/www.leshautesardennes.be\/sah\/files\/2018\/06\/8.jpg\"><img loading=\"lazy\" decoding=\"async\" class=\"aligncenter size-medium wp-image-1450\" src=\"https:\/\/www.leshautesardennes.be\/sah\/files\/2018\/06\/8-300x200.jpg\" alt=\"\" width=\"300\" height=\"200\" srcset=\"https:\/\/www.leshautesardennes.be\/sah\/files\/2018\/06\/8-300x200.jpg 300w, https:\/\/www.leshautesardennes.be\/sah\/files\/2018\/06\/8.jpg 425w\" sizes=\"auto, (max-width: 300px) 100vw, 300px\" \/><\/a><\/p>\n","protected":false},"excerpt":{"rendered":"<p>Le mercredi 23 mai, le groupe HAViMA organisait pour la seconde ann\u00e9e leur marche dans la r\u00e9gion. Trois parcours \u00e9taient propos\u00e9s, un parcours de 2km accessible au PMR, un de 5km et un de 10km. Plusieurs autres institutions \u00e9taient au &hellip; <a href=\"https:\/\/www.leshautesardennes.be\/sah\/2018\/06\/04\/marche-havima-2eme-edition\/\">Continuer la lecture <span class=\"meta-nav\">&rarr;<\/span><\/a><\/p>\n","protected":false},"author":8,"featured_media":0,"comment_status":"closed","ping_status":"open","sticky":false,"template":"","format":"standard","meta":{"_acf_changed":false,"footnotes":""},"categories":[1],"tags":[],"class_list":["post-1442","post","type-post","status-publish","format-standard","hentry","category-non-classe"],"acf":[],"_links":{"self":[{"href":"https:\/\/www.leshautesardennes.be\/sah\/wp-json\/wp\/v2\/posts\/1442","targetHints":{"allow":["GET"]}}],"collection":[{"href":"https:\/\/www.leshautesardennes.be\/sah\/wp-json\/wp\/v2\/posts"}],"about":[{"href":"https:\/\/www.leshautesardennes.be\/sah\/wp-json\/wp\/v2\/types\/post"}],"author":[{"embeddable":true,"href":"https:\/\/www.leshautesardennes.be\/sah\/wp-json\/wp\/v2\/users\/8"}],"replies":[{"embeddable":true,"href":"https:\/\/www.leshautesardennes.be\/sah\/wp-json\/wp\/v2\/comments?post=1442"}],"version-history":[{"count":1,"href":"https:\/\/www.leshautesardennes.be\/sah\/wp-json\/wp\/v2\/posts\/1442\/revisions"}],"predecessor-version":[{"id":1459,"href":"https:\/\/www.leshautesardennes.be\/sah\/wp-json\/wp\/v2\/posts\/1442\/revisions\/1459"}],"wp:attachment":[{"href":"https:\/\/www.leshautesardennes.be\/sah\/wp-json\/wp\/v2\/media?parent=1442"}],"wp:term":[{"taxonomy":"category","embeddable":true,"href":"https:\/\/www.leshautesardennes.be\/sah\/wp-json\/wp\/v2\/categories?post=1442"},{"taxonomy":"post_tag","embeddable":true,"href":"https:\/\/www.leshautesardennes.be\/sah\/wp-json\/wp\/v2\/tags?post=1442"}],"curies":[{"name":"wp","href":"https:\/\/api.w.org\/{rel}","templated":true}]}}