{"id":1429,"date":"2018-05-29T10:08:37","date_gmt":"2018-05-29T08:08:37","guid":{"rendered":"https:\/\/www.leshautesardennes.be\/sah\/?p=1429"},"modified":"2018-05-29T10:08:37","modified_gmt":"2018-05-29T08:08:37","slug":"special-olympics-belgium-2018","status":"publish","type":"post","link":"https:\/\/www.leshautesardennes.be\/sah\/2018\/05\/29\/special-olympics-belgium-2018\/","title":{"rendered":"Special Olympics Belgium 2018"},"content":{"rendered":"<p>Les 9, 10, 11 et 12 mai, l\u2019ASBL Les Hautes Ardennes \u00e9tait repr\u00e9sent\u00e9e par ses athl\u00e8tes aux Special Olympics Belgium (SOB). Si certains ne sont arriv\u00e9s que le samedi, d\u2019autres ont \u00e9t\u00e9 pr\u00e9sents tous les jours et se sont donn\u00e9s \u00e0 fond pour remporter une m\u00e9daille. Au total, 7 m\u00e9dailles d\u2019or, 8 d\u2019argent et 6 de bronze ont \u00e9t\u00e9 remport\u00e9es pour un totale de 27 comp\u00e9titions. Comme chaque ann\u00e9e, nous sommes tr\u00e8s fiers de leurs r\u00e9sultats et nous f\u00e9licitons leur motivation plus que pr\u00e9sente !<\/p>\n<p>Bravo \u00e0 Alain, Brigitte, K\u00e9vin, Sabrina, Sarah, Pascal, Mathias, Pascal, Gilles, Christian et Philippe pour leurs performances !<\/p>\n<p><a href=\"https:\/\/www.leshautesardennes.be\/sah\/files\/2018\/05\/Course-50-m-Philippe-Daf..jpg\"><img loading=\"lazy\" decoding=\"async\" class=\"alignnone size-full wp-image-1430\" src=\"https:\/\/www.leshautesardennes.be\/sah\/files\/2018\/05\/Course-50-m-Philippe-Daf..jpg\" alt=\"\" width=\"850\" height=\"567\" srcset=\"https:\/\/www.leshautesardennes.be\/sah\/files\/2018\/05\/Course-50-m-Philippe-Daf..jpg 850w, https:\/\/www.leshautesardennes.be\/sah\/files\/2018\/05\/Course-50-m-Philippe-Daf.-300x200.jpg 300w, https:\/\/www.leshautesardennes.be\/sah\/files\/2018\/05\/Course-50-m-Philippe-Daf.-768x512.jpg 768w\" sizes=\"auto, (max-width: 850px) 100vw, 850px\" \/><\/a> <a href=\"https:\/\/www.leshautesardennes.be\/sah\/files\/2018\/05\/Podium-saut-en-longueur..jpg\"><img loading=\"lazy\" decoding=\"async\" class=\"alignnone size-large wp-image-1440\" src=\"https:\/\/www.leshautesardennes.be\/sah\/files\/2018\/05\/Podium-saut-en-longueur.-1024x768.jpg\" alt=\"\" width=\"640\" height=\"480\" srcset=\"https:\/\/www.leshautesardennes.be\/sah\/files\/2018\/05\/Podium-saut-en-longueur.-1024x768.jpg 1024w, https:\/\/www.leshautesardennes.be\/sah\/files\/2018\/05\/Podium-saut-en-longueur.-300x225.jpg 300w, https:\/\/www.leshautesardennes.be\/sah\/files\/2018\/05\/Podium-saut-en-longueur.-768x576.jpg 768w\" sizes=\"auto, (max-width: 640px) 100vw, 640px\" \/><\/a> <a href=\"https:\/\/www.leshautesardennes.be\/sah\/files\/2018\/05\/Podium-Pascal-L-50m..jpg\"><img loading=\"lazy\" decoding=\"async\" class=\"alignnone size-large wp-image-1439\" src=\"https:\/\/www.leshautesardennes.be\/sah\/files\/2018\/05\/Podium-Pascal-L-50m.-682x1024.jpg\" alt=\"\" width=\"640\" height=\"961\" srcset=\"https:\/\/www.leshautesardennes.be\/sah\/files\/2018\/05\/Podium-Pascal-L-50m.-682x1024.jpg 682w, https:\/\/www.leshautesardennes.be\/sah\/files\/2018\/05\/Podium-Pascal-L-50m.-200x300.jpg 200w, https:\/\/www.leshautesardennes.be\/sah\/files\/2018\/05\/Podium-Pascal-L-50m.-768x1153.jpg 768w, https:\/\/www.leshautesardennes.be\/sah\/files\/2018\/05\/Podium-Pascal-L-50m..jpg 850w\" sizes=\"auto, (max-width: 640px) 100vw, 640px\" \/><\/a> <a href=\"https:\/\/www.leshautesardennes.be\/sah\/files\/2018\/05\/Photo-Pascal-C-50m..jpg\"><img loading=\"lazy\" decoding=\"async\" class=\"alignnone size-large wp-image-1438\" src=\"https:\/\/www.leshautesardennes.be\/sah\/files\/2018\/05\/Photo-Pascal-C-50m.-682x1024.jpg\" alt=\"\" width=\"640\" height=\"961\" srcset=\"https:\/\/www.leshautesardennes.be\/sah\/files\/2018\/05\/Photo-Pascal-C-50m.-682x1024.jpg 682w, https:\/\/www.leshautesardennes.be\/sah\/files\/2018\/05\/Photo-Pascal-C-50m.-200x300.jpg 200w, https:\/\/www.leshautesardennes.be\/sah\/files\/2018\/05\/Photo-Pascal-C-50m.-768x1153.jpg 768w, https:\/\/www.leshautesardennes.be\/sah\/files\/2018\/05\/Photo-Pascal-C-50m..jpg 850w\" sizes=\"auto, (max-width: 640px) 100vw, 640px\" \/><\/a> <a href=\"https:\/\/www.leshautesardennes.be\/sah\/files\/2018\/05\/Photo-groupe-complet..jpg\"><img loading=\"lazy\" decoding=\"async\" class=\"alignnone size-full wp-image-1437\" src=\"https:\/\/www.leshautesardennes.be\/sah\/files\/2018\/05\/Photo-groupe-complet..jpg\" alt=\"\" width=\"850\" height=\"567\" srcset=\"https:\/\/www.leshautesardennes.be\/sah\/files\/2018\/05\/Photo-groupe-complet..jpg 850w, https:\/\/www.leshautesardennes.be\/sah\/files\/2018\/05\/Photo-groupe-complet.-300x200.jpg 300w, https:\/\/www.leshautesardennes.be\/sah\/files\/2018\/05\/Photo-groupe-complet.-768x512.jpg 768w\" sizes=\"auto, (max-width: 850px) 100vw, 850px\" \/><\/a> <a href=\"https:\/\/www.leshautesardennes.be\/sah\/files\/2018\/05\/Photo-du-groupe-arriv\u00e9-\u00e0-Mouscron-pour-le-d\u00e9part-du-Torch-Run..jpg\"><img loading=\"lazy\" decoding=\"async\" class=\"alignnone size-full wp-image-1436\" src=\"https:\/\/www.leshautesardennes.be\/sah\/files\/2018\/05\/Photo-du-groupe-arriv\u00e9-\u00e0-Mouscron-pour-le-d\u00e9part-du-Torch-Run..jpg\" alt=\"\" width=\"850\" height=\"567\" srcset=\"https:\/\/www.leshautesardennes.be\/sah\/files\/2018\/05\/Photo-du-groupe-arriv\u00e9-\u00e0-Mouscron-pour-le-d\u00e9part-du-Torch-Run..jpg 850w, https:\/\/www.leshautesardennes.be\/sah\/files\/2018\/05\/Photo-du-groupe-arriv\u00e9-\u00e0-Mouscron-pour-le-d\u00e9part-du-Torch-Run.-300x200.jpg 300w, https:\/\/www.leshautesardennes.be\/sah\/files\/2018\/05\/Photo-du-groupe-arriv\u00e9-\u00e0-Mouscron-pour-le-d\u00e9part-du-Torch-Run.-768x512.jpg 768w\" sizes=\"auto, (max-width: 850px) 100vw, 850px\" \/><\/a> <a href=\"https:\/\/www.leshautesardennes.be\/sah\/files\/2018\/05\/Les-amoureux..jpg\"><img loading=\"lazy\" decoding=\"async\" class=\"alignnone size-full wp-image-1435\" src=\"https:\/\/www.leshautesardennes.be\/sah\/files\/2018\/05\/Les-amoureux..jpg\" alt=\"\" width=\"850\" height=\"567\" srcset=\"https:\/\/www.leshautesardennes.be\/sah\/files\/2018\/05\/Les-amoureux..jpg 850w, https:\/\/www.leshautesardennes.be\/sah\/files\/2018\/05\/Les-amoureux.-300x200.jpg 300w, https:\/\/www.leshautesardennes.be\/sah\/files\/2018\/05\/Les-amoureux.-768x512.jpg 768w\" sizes=\"auto, (max-width: 850px) 100vw, 850px\" \/><\/a> <a href=\"https:\/\/www.leshautesardennes.be\/sah\/files\/2018\/05\/Groupe-des-coachs..jpg\"><img loading=\"lazy\" decoding=\"async\" class=\"alignnone size-full wp-image-1434\" src=\"https:\/\/www.leshautesardennes.be\/sah\/files\/2018\/05\/Groupe-des-coachs..jpg\" alt=\"\" width=\"850\" height=\"567\" srcset=\"https:\/\/www.leshautesardennes.be\/sah\/files\/2018\/05\/Groupe-des-coachs..jpg 850w, https:\/\/www.leshautesardennes.be\/sah\/files\/2018\/05\/Groupe-des-coachs.-300x200.jpg 300w, https:\/\/www.leshautesardennes.be\/sah\/files\/2018\/05\/Groupe-des-coachs.-768x512.jpg 768w\" sizes=\"auto, (max-width: 850px) 100vw, 850px\" \/><\/a> <a href=\"https:\/\/www.leshautesardennes.be\/sah\/files\/2018\/05\/Flamme-olympique..jpg\"><img loading=\"lazy\" decoding=\"async\" class=\"alignnone size-large wp-image-1433\" src=\"https:\/\/www.leshautesardennes.be\/sah\/files\/2018\/05\/Flamme-olympique.-682x1024.jpg\" alt=\"\" width=\"640\" height=\"961\" srcset=\"https:\/\/www.leshautesardennes.be\/sah\/files\/2018\/05\/Flamme-olympique.-682x1024.jpg 682w, https:\/\/www.leshautesardennes.be\/sah\/files\/2018\/05\/Flamme-olympique.-200x300.jpg 200w, https:\/\/www.leshautesardennes.be\/sah\/files\/2018\/05\/Flamme-olympique.-768x1153.jpg 768w, https:\/\/www.leshautesardennes.be\/sah\/files\/2018\/05\/Flamme-olympique..jpg 850w\" sizes=\"auto, (max-width: 640px) 100vw, 640px\" \/><\/a> <a href=\"https:\/\/www.leshautesardennes.be\/sah\/files\/2018\/05\/DSCN0856.jpg\"><img loading=\"lazy\" decoding=\"async\" class=\"alignnone size-large wp-image-1432\" src=\"https:\/\/www.leshautesardennes.be\/sah\/files\/2018\/05\/DSCN0856-768x1024.jpg\" alt=\"\" width=\"640\" height=\"853\" srcset=\"https:\/\/www.leshautesardennes.be\/sah\/files\/2018\/05\/DSCN0856-768x1024.jpg 768w, https:\/\/www.leshautesardennes.be\/sah\/files\/2018\/05\/DSCN0856-225x300.jpg 225w, https:\/\/www.leshautesardennes.be\/sah\/files\/2018\/05\/DSCN0856.jpg 829w\" sizes=\"auto, (max-width: 640px) 100vw, 640px\" \/><\/a> <a href=\"https:\/\/www.leshautesardennes.be\/sah\/files\/2018\/05\/Course-Alain-1500m..jpg\"><img loading=\"lazy\" decoding=\"async\" class=\"alignnone size-large wp-image-1431\" src=\"https:\/\/www.leshautesardennes.be\/sah\/files\/2018\/05\/Course-Alain-1500m.-682x1024.jpg\" alt=\"\" width=\"640\" height=\"961\" srcset=\"https:\/\/www.leshautesardennes.be\/sah\/files\/2018\/05\/Course-Alain-1500m.-682x1024.jpg 682w, https:\/\/www.leshautesardennes.be\/sah\/files\/2018\/05\/Course-Alain-1500m.-200x300.jpg 200w, https:\/\/www.leshautesardennes.be\/sah\/files\/2018\/05\/Course-Alain-1500m.-768x1153.jpg 768w, https:\/\/www.leshautesardennes.be\/sah\/files\/2018\/05\/Course-Alain-1500m..jpg 850w\" sizes=\"auto, (max-width: 640px) 100vw, 640px\" \/><\/a> <a href=\"https:\/\/www.leshautesardennes.be\/sah\/files\/2018\/05\/Course-50-m-Philippe-Daf..jpg\"><img loading=\"lazy\" decoding=\"async\" class=\"aligncenter size-medium wp-image-1430\" src=\"https:\/\/www.leshautesardennes.be\/sah\/files\/2018\/05\/Course-50-m-Philippe-Daf.-300x200.jpg\" alt=\"\" width=\"300\" height=\"200\" srcset=\"https:\/\/www.leshautesardennes.be\/sah\/files\/2018\/05\/Course-50-m-Philippe-Daf.-300x200.jpg 300w, https:\/\/www.leshautesardennes.be\/sah\/files\/2018\/05\/Course-50-m-Philippe-Daf.-768x512.jpg 768w, https:\/\/www.leshautesardennes.be\/sah\/files\/2018\/05\/Course-50-m-Philippe-Daf..jpg 850w\" sizes=\"auto, (max-width: 300px) 100vw, 300px\" \/><\/a><\/p>\n<p>&nbsp;<\/p>\n","protected":false},"excerpt":{"rendered":"<p>Les 9, 10, 11 et 12 mai, l\u2019ASBL Les Hautes Ardennes \u00e9tait repr\u00e9sent\u00e9e par ses athl\u00e8tes aux Special Olympics Belgium (SOB). Si certains ne sont arriv\u00e9s que le samedi, d\u2019autres ont \u00e9t\u00e9 pr\u00e9sents tous les jours et se sont donn\u00e9s &hellip; <a href=\"https:\/\/www.leshautesardennes.be\/sah\/2018\/05\/29\/special-olympics-belgium-2018\/\">Continuer la lecture <span class=\"meta-nav\">&rarr;<\/span><\/a><\/p>\n","protected":false},"author":8,"featured_media":0,"comment_status":"closed","ping_status":"open","sticky":false,"template":"","format":"standard","meta":{"_acf_changed":false,"footnotes":""},"categories":[1],"tags":[],"class_list":["post-1429","post","type-post","status-publish","format-standard","hentry","category-non-classe"],"acf":[],"_links":{"self":[{"href":"https:\/\/www.leshautesardennes.be\/sah\/wp-json\/wp\/v2\/posts\/1429","targetHints":{"allow":["GET"]}}],"collection":[{"href":"https:\/\/www.leshautesardennes.be\/sah\/wp-json\/wp\/v2\/posts"}],"about":[{"href":"https:\/\/www.leshautesardennes.be\/sah\/wp-json\/wp\/v2\/types\/post"}],"author":[{"embeddable":true,"href":"https:\/\/www.leshautesardennes.be\/sah\/wp-json\/wp\/v2\/users\/8"}],"replies":[{"embeddable":true,"href":"https:\/\/www.leshautesardennes.be\/sah\/wp-json\/wp\/v2\/comments?post=1429"}],"version-history":[{"count":1,"href":"https:\/\/www.leshautesardennes.be\/sah\/wp-json\/wp\/v2\/posts\/1429\/revisions"}],"predecessor-version":[{"id":1441,"href":"https:\/\/www.leshautesardennes.be\/sah\/wp-json\/wp\/v2\/posts\/1429\/revisions\/1441"}],"wp:attachment":[{"href":"https:\/\/www.leshautesardennes.be\/sah\/wp-json\/wp\/v2\/media?parent=1429"}],"wp:term":[{"taxonomy":"category","embeddable":true,"href":"https:\/\/www.leshautesardennes.be\/sah\/wp-json\/wp\/v2\/categories?post=1429"},{"taxonomy":"post_tag","embeddable":true,"href":"https:\/\/www.leshautesardennes.be\/sah\/wp-json\/wp\/v2\/tags?post=1429"}],"curies":[{"name":"wp","href":"https:\/\/api.w.org\/{rel}","templated":true}]}}