{"id":1419,"date":"2018-04-10T11:48:32","date_gmt":"2018-04-10T09:48:32","guid":{"rendered":"https:\/\/www.leshautesardennes.be\/sah\/?p=1419"},"modified":"2018-04-10T12:42:27","modified_gmt":"2018-04-10T10:42:27","slug":"focus-sur-lactivite-danse","status":"publish","type":"post","link":"https:\/\/www.leshautesardennes.be\/sah\/2018\/04\/10\/focus-sur-lactivite-danse\/","title":{"rendered":"Focus sur l&rsquo;activit\u00e9 danse"},"content":{"rendered":"<p><a href=\"https:\/\/www.leshautesardennes.be\/sah\/files\/2018\/04\/danse.png\"><img loading=\"lazy\" decoding=\"async\" class=\"size-large wp-image-1420 aligncenter\" src=\"https:\/\/www.leshautesardennes.be\/sah\/files\/2018\/04\/danse-1024x760.png\" alt=\"\" width=\"640\" height=\"475\" srcset=\"https:\/\/www.leshautesardennes.be\/sah\/files\/2018\/04\/danse-1024x760.png 1024w, https:\/\/www.leshautesardennes.be\/sah\/files\/2018\/04\/danse-300x223.png 300w, https:\/\/www.leshautesardennes.be\/sah\/files\/2018\/04\/danse-768x570.png 768w, https:\/\/www.leshautesardennes.be\/sah\/files\/2018\/04\/danse.png 1182w\" sizes=\"auto, (max-width: 640px) 100vw, 640px\" \/><\/a><\/p>\n<p>&nbsp;<\/p>\n<p><span style=\"color: #003366\"><strong>INTERVIEW DE CHRISTINE, \u00c9DUCATRICE<\/strong><\/span><\/p>\n<p><span style=\"color: #003366\"><strong>Qu\u2019est-ce que l\u2019activit\u00e9 danse ?<\/strong><\/span><br \/>\n\u00c0 la base, c\u2019est Maryse qui tenait un groupe avec plut\u00f4t des danses folkloriques. Quand j\u2019ai commenc\u00e9 \u00e0 travailler plus souvent en centre de jour, on s\u2019est regroup\u00e9es. J\u2019avais envie de faire un peu plus moderne et comme Maryse \u00e9tait moins souvent l\u00e0, on a poursuivi avec des danses modernes. Les participants mordaient bien \u00e0 ce style de danses. En 2015, on a commenc\u00e9 \u00e0 pr\u00e9parer un spectacle et maintenant, on pr\u00e9pare le suivant. Maryse vient une fois sur deux. L\u2019activit\u00e9 a lieu tous les jeudis matins avec environ 14 personnes, comme on est deux, et tous les mardis apr\u00e8s-midi avec 7-8 personnes. Je pr\u00e9f\u00e8re avoir des grands groupes, comme \u00e7a, plus on est, plus \u00e7a donne une vue d\u2019ensemble. Lorsqu\u2019ils sont 3, \u00e7a ne donne pas grand chose. Ils sont aussi plus motiv\u00e9s lorsqu\u2019ils sont tous ensemble.<\/p>\n<p><span style=\"color: #003366\"><strong>Quels sont les objectifs de l\u2019activit\u00e9 ?<\/strong><\/span><br \/>\nDans les objectifs que je donne, c\u2019est \u00e0 la base se mobiliser. On commence par un \u00e9chauffement , on fait des exercices, de la psychomotricit\u00e9, on l\u00e8ve les bras , les jambes, on bouge&#8230; Et puis on commence la danse. Les objectifs c\u2019est donc de \u201ctranspirer\u201d, en tout cas de bouger et \u00eatre en mouvement.<\/p>\n<p><span style=\"color: #003366\"><strong>Quelles ont \u00e9t\u00e9 les difficult\u00e9s ?<\/strong><\/span><br \/>\nOn ne le prend pas en temps que difficult\u00e9 mais il y en a qui suivent moins que d\u2019autres, qui n\u2019ont pas le rythme. Mais ils font partie du groupe et ils se m\u00e9langent<br \/>\ndans le groupe. On ne les met pas de c\u00f4t\u00e9 pour cette raison-l\u00e0 m\u00eame si ils ne savent pas bien suivre. On fait plusieurs fois la m\u00eame musique, on r\u00e9p\u00e8te et alors Maryse se met avec quelqu\u2019un, je me mets avec quelqu\u2019un d\u2019autre et puis on change. Donc il n\u2019y a pas vraiment de difficult\u00e9. Mais pour eux, c\u2019est sur qu\u2019ils ne sont pas du m\u00eame niveau. Ils ont des niveaux diff\u00e9rents mais on s\u2019adapte et on va pr\u00e8s des personnes qui ont plus de difficult\u00e9s. Et m\u00eame si ils ne font que 5 pas sur la chanson, on est contentes. Au niveau sonore, la pi\u00e8ce \u00e9tait d\u00e9j\u00e0 am\u00e9nag\u00e9e, donc je n\u2019ai pas eu de soucis, j\u2019am\u00e8ne mes musiques et je n\u2019ai qu\u2019\u00e0 utiliser le mat\u00e9riel pr\u00e9sent.<\/p>\n<p><span style=\"color: #003366\"><strong>Quels sont les projets \u00e0 venir ?<\/strong><\/span><br \/>\nLe 20 avril, on a un spectacle devant les parents. Il n\u2019y a pas que de la danse, il y a aussi du th\u00e9atre. Le th\u00e9\u00e2tre compose la premi\u00e8re partie et on encha\u00eene avec la danse. L\u2019objectif c\u2019est de montrer le plus de personnes. On aurait pu se limiter \u00e0 notre groupe, mais on aime les challenges et les d\u00e9fis. Le but c\u2019est donc d\u2019essayer de faire venir le plus de personnes possible sur la sc\u00e8ne, ainsi que les \u00e9ducateurs. Comme c\u2019est un souper de rencontre-famille, \u00e7a tombe bien. La premi\u00e8re fois \u00e7a avait bien donn\u00e9 du fait que les parents voient aussi les \u00e9ducateurs qui travaillent avec leur membre de la famille et donc voient un peu le travail qu\u2019on fait. Ce spectacle leur permet aussi de mettre des visages sur des noms. En tout, on a 7 \u00e0 8 danses qu\u2019on travaille tout au long de l\u2019ann\u00e9e, voire pour certaines qu\u2019on travaille depuis plus de 2-3 ans. Il y en a qui les connaissent bien mais d\u2019autres qui int\u00e8grent seulement le groupe maintenant.<\/p>\n<p><span style=\"color: #003366\"><strong>BENOIT GERARDY :<\/strong><\/span><br \/>\nL\u2019activit\u00e9 danse propos\u00e9e par Christine et Maryse est un moment empreint de dynamisme, de convivialit\u00e9 et de plaisir. Cela tient non seulement au th\u00e8me (musique-danse) mais aussi \u00e0 la personnalit\u00e9 dynamique des animatrices. Elles sont parvenues \u00e0 transformer un moment o\u00f9 on doit beaucoup bouger, comme le dit Christine \u00ab durant lequel on transpire \u00bb, en un moment pourtant appr\u00e9ci\u00e9 et tr\u00e8s demand\u00e9. Le fait de travailler les danses avec la perspective de les pr\u00e9senter \u00e0 un public donne \u00e9videmment un sens suppl\u00e9mentaire \u00e0 la d\u00e9marche. Nous sommes impatients de les voir \u00e0 l\u2019oeuvre le 20 avril, et je souhaite vraiment qu\u2019un maximum de professionnels soient pr\u00e9sents ce jour-l\u00e0, sinon sur sc\u00e8ne avec eux, alors dans le public pour regarder ce travail, et ensuite rencontrer des familles !<\/p>\n","protected":false},"excerpt":{"rendered":"<p>&nbsp; INTERVIEW DE CHRISTINE, \u00c9DUCATRICE Qu\u2019est-ce que l\u2019activit\u00e9 danse ? \u00c0 la base, c\u2019est Maryse qui tenait un groupe avec plut\u00f4t des danses folkloriques. Quand j\u2019ai commenc\u00e9 \u00e0 travailler plus souvent en centre de jour, on s\u2019est regroup\u00e9es. J\u2019avais envie &hellip; <a href=\"https:\/\/www.leshautesardennes.be\/sah\/2018\/04\/10\/focus-sur-lactivite-danse\/\">Continuer la lecture <span class=\"meta-nav\">&rarr;<\/span><\/a><\/p>\n","protected":false},"author":8,"featured_media":0,"comment_status":"closed","ping_status":"open","sticky":false,"template":"","format":"standard","meta":{"_acf_changed":false,"footnotes":""},"categories":[1],"tags":[],"class_list":["post-1419","post","type-post","status-publish","format-standard","hentry","category-non-classe"],"acf":[],"_links":{"self":[{"href":"https:\/\/www.leshautesardennes.be\/sah\/wp-json\/wp\/v2\/posts\/1419","targetHints":{"allow":["GET"]}}],"collection":[{"href":"https:\/\/www.leshautesardennes.be\/sah\/wp-json\/wp\/v2\/posts"}],"about":[{"href":"https:\/\/www.leshautesardennes.be\/sah\/wp-json\/wp\/v2\/types\/post"}],"author":[{"embeddable":true,"href":"https:\/\/www.leshautesardennes.be\/sah\/wp-json\/wp\/v2\/users\/8"}],"replies":[{"embeddable":true,"href":"https:\/\/www.leshautesardennes.be\/sah\/wp-json\/wp\/v2\/comments?post=1419"}],"version-history":[{"count":2,"href":"https:\/\/www.leshautesardennes.be\/sah\/wp-json\/wp\/v2\/posts\/1419\/revisions"}],"predecessor-version":[{"id":1422,"href":"https:\/\/www.leshautesardennes.be\/sah\/wp-json\/wp\/v2\/posts\/1419\/revisions\/1422"}],"wp:attachment":[{"href":"https:\/\/www.leshautesardennes.be\/sah\/wp-json\/wp\/v2\/media?parent=1419"}],"wp:term":[{"taxonomy":"category","embeddable":true,"href":"https:\/\/www.leshautesardennes.be\/sah\/wp-json\/wp\/v2\/categories?post=1419"},{"taxonomy":"post_tag","embeddable":true,"href":"https:\/\/www.leshautesardennes.be\/sah\/wp-json\/wp\/v2\/tags?post=1419"}],"curies":[{"name":"wp","href":"https:\/\/api.w.org\/{rel}","templated":true}]}}