{"id":1411,"date":"2018-03-19T13:34:02","date_gmt":"2018-03-19T11:34:02","guid":{"rendered":"https:\/\/www.leshautesardennes.be\/sah\/?p=1411"},"modified":"2018-03-19T15:11:59","modified_gmt":"2018-03-19T13:11:59","slug":"visite-de-la-ministre-mme-greoli-a-lasbl","status":"publish","type":"post","link":"https:\/\/www.leshautesardennes.be\/sah\/2018\/03\/19\/visite-de-la-ministre-mme-greoli-a-lasbl\/","title":{"rendered":"Visite de la Ministre, Mme Greoli, \u00e0 l&rsquo;ASBL"},"content":{"rendered":"<p>Ce vendredi 16 mars, Alda Greoli, Ministre de l&rsquo;Action Sociale, de la Culture et de la Petite Enfance, a rendu visite \u00e0 l&rsquo;ASBL Les Hautes Ardennes, o\u00f9 elle f\u00fbt accueillie comme il se doit par l&rsquo;\u00e9quipe dirigeante en place, ainsi que par le\u00a0Pr\u00e9sident et bourgmestre Monsieur Elie Deblire. Apr\u00e8s une pr\u00e9sentation de celle-ci et des quelques projets \u00e0 venir, Mme la Ministre a eu l&rsquo;occasion de visiter les diff\u00e9rentes activit\u00e9s pr\u00e9sentes sur le site de Rencheux.<\/p>\n<p>&nbsp;<\/p>\n<p><a href=\"https:\/\/www.leshautesardennes.be\/sah\/files\/2018\/03\/IMG_9225.jpg\"><img loading=\"lazy\" decoding=\"async\" class=\"alignnone size-large wp-image-1412\" src=\"https:\/\/www.leshautesardennes.be\/sah\/files\/2018\/03\/IMG_9225-1024x683.jpg\" alt=\"\" width=\"640\" height=\"427\" srcset=\"https:\/\/www.leshautesardennes.be\/sah\/files\/2018\/03\/IMG_9225-1024x683.jpg 1024w, https:\/\/www.leshautesardennes.be\/sah\/files\/2018\/03\/IMG_9225-300x200.jpg 300w, https:\/\/www.leshautesardennes.be\/sah\/files\/2018\/03\/IMG_9225-768x512.jpg 768w\" sizes=\"auto, (max-width: 640px) 100vw, 640px\" \/><\/a> <a href=\"https:\/\/www.leshautesardennes.be\/sah\/files\/2018\/03\/IMG_9227.jpg\"><img loading=\"lazy\" decoding=\"async\" class=\"alignnone size-large wp-image-1413\" src=\"https:\/\/www.leshautesardennes.be\/sah\/files\/2018\/03\/IMG_9227-1024x683.jpg\" alt=\"\" width=\"640\" height=\"427\" srcset=\"https:\/\/www.leshautesardennes.be\/sah\/files\/2018\/03\/IMG_9227-1024x683.jpg 1024w, https:\/\/www.leshautesardennes.be\/sah\/files\/2018\/03\/IMG_9227-300x200.jpg 300w, https:\/\/www.leshautesardennes.be\/sah\/files\/2018\/03\/IMG_9227-768x512.jpg 768w\" sizes=\"auto, (max-width: 640px) 100vw, 640px\" \/><\/a> <a href=\"https:\/\/www.leshautesardennes.be\/sah\/files\/2018\/03\/IMG_9247.jpg\"><img loading=\"lazy\" decoding=\"async\" class=\"alignnone size-large wp-image-1414\" src=\"https:\/\/www.leshautesardennes.be\/sah\/files\/2018\/03\/IMG_9247-1024x683.jpg\" alt=\"\" width=\"640\" height=\"427\" srcset=\"https:\/\/www.leshautesardennes.be\/sah\/files\/2018\/03\/IMG_9247-1024x683.jpg 1024w, https:\/\/www.leshautesardennes.be\/sah\/files\/2018\/03\/IMG_9247-300x200.jpg 300w, https:\/\/www.leshautesardennes.be\/sah\/files\/2018\/03\/IMG_9247-768x512.jpg 768w\" sizes=\"auto, (max-width: 640px) 100vw, 640px\" \/><\/a> <a href=\"https:\/\/www.leshautesardennes.be\/sah\/files\/2018\/03\/IMG_9273.jpg\"><img loading=\"lazy\" decoding=\"async\" class=\"alignnone size-large wp-image-1415\" src=\"https:\/\/www.leshautesardennes.be\/sah\/files\/2018\/03\/IMG_9273-1024x683.jpg\" alt=\"\" width=\"640\" height=\"427\" srcset=\"https:\/\/www.leshautesardennes.be\/sah\/files\/2018\/03\/IMG_9273-1024x683.jpg 1024w, https:\/\/www.leshautesardennes.be\/sah\/files\/2018\/03\/IMG_9273-300x200.jpg 300w, https:\/\/www.leshautesardennes.be\/sah\/files\/2018\/03\/IMG_9273-768x512.jpg 768w\" sizes=\"auto, (max-width: 640px) 100vw, 640px\" \/><\/a> <a href=\"https:\/\/www.leshautesardennes.be\/sah\/files\/2018\/03\/IMG_9292.jpg\"><img loading=\"lazy\" decoding=\"async\" class=\"alignnone size-large wp-image-1416\" src=\"https:\/\/www.leshautesardennes.be\/sah\/files\/2018\/03\/IMG_9292-1024x683.jpg\" alt=\"\" width=\"640\" height=\"427\" srcset=\"https:\/\/www.leshautesardennes.be\/sah\/files\/2018\/03\/IMG_9292-1024x683.jpg 1024w, https:\/\/www.leshautesardennes.be\/sah\/files\/2018\/03\/IMG_9292-300x200.jpg 300w, https:\/\/www.leshautesardennes.be\/sah\/files\/2018\/03\/IMG_9292-768x512.jpg 768w\" sizes=\"auto, (max-width: 640px) 100vw, 640px\" \/><\/a><\/p>\n","protected":false},"excerpt":{"rendered":"<p>Ce vendredi 16 mars, Alda Greoli, Ministre de l&rsquo;Action Sociale, de la Culture et de la Petite Enfance, a rendu visite \u00e0 l&rsquo;ASBL Les Hautes Ardennes, o\u00f9 elle f\u00fbt accueillie comme il se doit par l&rsquo;\u00e9quipe dirigeante en place, ainsi &hellip; <a href=\"https:\/\/www.leshautesardennes.be\/sah\/2018\/03\/19\/visite-de-la-ministre-mme-greoli-a-lasbl\/\">Continuer la lecture <span class=\"meta-nav\">&rarr;<\/span><\/a><\/p>\n","protected":false},"author":8,"featured_media":0,"comment_status":"closed","ping_status":"open","sticky":false,"template":"","format":"standard","meta":{"_acf_changed":false,"footnotes":""},"categories":[1],"tags":[],"class_list":["post-1411","post","type-post","status-publish","format-standard","hentry","category-non-classe"],"acf":[],"_links":{"self":[{"href":"https:\/\/www.leshautesardennes.be\/sah\/wp-json\/wp\/v2\/posts\/1411","targetHints":{"allow":["GET"]}}],"collection":[{"href":"https:\/\/www.leshautesardennes.be\/sah\/wp-json\/wp\/v2\/posts"}],"about":[{"href":"https:\/\/www.leshautesardennes.be\/sah\/wp-json\/wp\/v2\/types\/post"}],"author":[{"embeddable":true,"href":"https:\/\/www.leshautesardennes.be\/sah\/wp-json\/wp\/v2\/users\/8"}],"replies":[{"embeddable":true,"href":"https:\/\/www.leshautesardennes.be\/sah\/wp-json\/wp\/v2\/comments?post=1411"}],"version-history":[{"count":1,"href":"https:\/\/www.leshautesardennes.be\/sah\/wp-json\/wp\/v2\/posts\/1411\/revisions"}],"predecessor-version":[{"id":1417,"href":"https:\/\/www.leshautesardennes.be\/sah\/wp-json\/wp\/v2\/posts\/1411\/revisions\/1417"}],"wp:attachment":[{"href":"https:\/\/www.leshautesardennes.be\/sah\/wp-json\/wp\/v2\/media?parent=1411"}],"wp:term":[{"taxonomy":"category","embeddable":true,"href":"https:\/\/www.leshautesardennes.be\/sah\/wp-json\/wp\/v2\/categories?post=1411"},{"taxonomy":"post_tag","embeddable":true,"href":"https:\/\/www.leshautesardennes.be\/sah\/wp-json\/wp\/v2\/tags?post=1411"}],"curies":[{"name":"wp","href":"https:\/\/api.w.org\/{rel}","templated":true}]}}