{"id":1391,"date":"2018-01-22T11:58:42","date_gmt":"2018-01-22T09:58:42","guid":{"rendered":"https:\/\/www.leshautesardennes.be\/sah\/?p=1391"},"modified":"2018-01-22T11:58:42","modified_gmt":"2018-01-22T09:58:42","slug":"focus-sur-lactivite-bouchons","status":"publish","type":"post","link":"https:\/\/www.leshautesardennes.be\/sah\/2018\/01\/22\/focus-sur-lactivite-bouchons\/","title":{"rendered":"Focus sur l&rsquo;Activit\u00e9 Bouchons"},"content":{"rendered":"<p style=\"text-align: center\"><a href=\"https:\/\/www.leshautesardennes.be\/sah\/files\/2018\/01\/Image1.jpg\"><img loading=\"lazy\" decoding=\"async\" class=\"alignnone size-full wp-image-1392\" src=\"https:\/\/www.leshautesardennes.be\/sah\/files\/2018\/01\/Image1.jpg\" alt=\"\" width=\"423\" height=\"231\" srcset=\"https:\/\/www.leshautesardennes.be\/sah\/files\/2018\/01\/Image1.jpg 423w, https:\/\/www.leshautesardennes.be\/sah\/files\/2018\/01\/Image1-300x164.jpg 300w\" sizes=\"auto, (max-width: 423px) 100vw, 423px\" \/><\/a><\/p>\n<p style=\"text-align: center\"><b>Interview de V\u00e9ronique, \u00e9ducatrice<\/b><\/p>\n<p>&nbsp;<\/p>\n<p><b>Qu\u2019est-ce que l\u2019atelier \u00ab\u00a0bouchons\u00a0\u00bb ?<\/b><\/p>\n<p>Je ne sais plus comment a commenc\u00e9 l\u2019atelier, un bouchon a d\u00fb en amener un autre. Et donc, comme les petits ruisseaux font les grandes rivi\u00e8res, on a plus de b\u00e9n\u00e9ficiaires qui trient les bouchons, plus de demande de bouchons puisqu\u2019on s\u2019est cr\u00e9\u00e9 tout un petit circuit avec des gens qui se sont propos\u00e9s et \u00e0 qui on a demand\u00e9 de nous les amener.<\/p>\n<p>Quand les b\u00e9n\u00e9ficiaires arrivent ici, ils savent qu\u2019ils doivent mettre leur tablier et leurs gants. Une fois qu\u2019ils sont install\u00e9s, je leur place des bassins dans lesquels ils trient les diff\u00e9rents bouchons. Au d\u00e9but, je les faisais s\u2019asseoir, mais certains ont trouv\u00e9 que c\u2019\u00e9tait plus confortable debout.<\/p>\n<p>On essaie donc d\u2019avoir le plus de bouchons possible pour arriver \u00e0 une tonne et pouvoir les amener \u00e0 l\u2019usine qui se trouve \u00e0 Herstal et on obtient 240\u20ac par tonne. En juillet, nous avons r\u00e9ussi \u00e0 apporter 1,8 tonne pour la somme de 400\u20ac.<\/p>\n<p><b>\u00c0 quoi sert l\u2019argent r\u00e9colt\u00e9 ? <\/b><\/p>\n<p>Il a servi \u00e0 financer l\u2019autocar pour aller \u00e0 Disneyland. Un car c\u2019est cher, et donc pour r\u00e9duire les frais pour tous les participants, les 400\u20ac sont pass\u00e9s dans la location de l\u2019autocar.<\/p>\n<p><b>\u00c0 quelle fr\u00e9quence a lieu l\u2019atelier bouchon <\/b><b>?<\/b><\/p>\n<p>C\u2019est le jeudi et le vendredi matin. Aujourd\u2019hui ils y a 4 participants mais \u00e7a d\u00e9pend aussi de leur envie. L\u2019activit\u00e9 a lieu dans le m\u00eame local que l\u2019atelier terre et ceux qui ne veulent pas participer \u00e0 cet atelier peuvent passer aux bouchons et inversement. Ils peuvent donc \u00eatre 4, 5, 6\u2026 En moyenne, ils tournent autour d\u2019une dizaine sur la semaine.<\/p>\n<p><b>Outre les objectifs financiers, qu\u2019est ce que l\u2019atelier peut apporter ?\u00a0 <\/b><\/p>\n<p>L\u2019id\u00e9e est de trouver une activit\u00e9 qui peut \u00eatre faite par un maximum de personnes. Il s\u2019agit d\u2019une activit\u00e9 qui se d\u00e9compose en quelques gestes simples. C\u2019est cela qui en fait un travail accessible \u00e0 un grand nombre, dans lequel chacun sera pleinement actif.<\/p>\n<p><b>Quelles ont \u00e9t\u00e9 les difficult\u00e9s ?<\/b><\/p>\n<p>\u00c7a a \u00e9t\u00e9 de trouver un local. Il faut de la place. Il faut des grandes tables et pouvoir stocker. Donc on s\u2019est install\u00e9s \u00e0 l\u2019atelier terre.<\/p>\n<p><b>Quels sont les prochains projets <\/b><b>?<\/b><\/p>\n<p>On ne sait pas encore. On vient de recommencer \u00e0 trier. Dans 6 mois, je verrai la quantit\u00e9 de bouchons d\u00e9j\u00e0 r\u00e9colt\u00e9e et \u00e0 ce moment-l\u00e0, on fera une r\u00e9union avec les participants \u00e0 l\u2019atelier et on verra quelle est leur demande. \u00c7a peut \u00eatre retourner dans un parc d\u2019attraction ou aller faire une excursion d\u2019une journ\u00e9e ailleurs. Donc on ne sait pas encore.<\/p>\n<p>&nbsp;<\/p>\n<p><b>Beno\u00eet <\/b><b>G\u00e9rardy<\/b><b> : <\/b><\/p>\n<p><i>\u00ab\u00a0Le projet s\u2019est rapidement d\u00e9velopp\u00e9, car c\u2019est un travail qui convient \u00e0 beaucoup. Il est essentiel de pr\u00e9ciser que c\u2019est un travail, car cette notion est importante pour les participants. De plus, certains \u00e9taient auparavant travailleurs \u00e0 l\u2019ETA, dans le secteur du conditionnement. Ils y r\u00e9alisaient des t\u00e2ches semblables. Depuis qu\u2019ils n\u2019y sont plus, un manque est apparu. Cet activit\u00e9 vient donc utilement le combler.\u00a0\u00bb<\/i><\/p>\n","protected":false},"excerpt":{"rendered":"<p>Interview de V\u00e9ronique, \u00e9ducatrice &nbsp; Qu\u2019est-ce que l\u2019atelier \u00ab\u00a0bouchons\u00a0\u00bb ? Je ne sais plus comment a commenc\u00e9 l\u2019atelier, un bouchon a d\u00fb en amener un autre. Et donc, comme les petits ruisseaux font les grandes rivi\u00e8res, on a plus de &hellip; <a href=\"https:\/\/www.leshautesardennes.be\/sah\/2018\/01\/22\/focus-sur-lactivite-bouchons\/\">Continuer la lecture <span class=\"meta-nav\">&rarr;<\/span><\/a><\/p>\n","protected":false},"author":8,"featured_media":0,"comment_status":"closed","ping_status":"open","sticky":false,"template":"","format":"standard","meta":{"_acf_changed":false,"footnotes":""},"categories":[1],"tags":[],"class_list":["post-1391","post","type-post","status-publish","format-standard","hentry","category-non-classe"],"acf":[],"_links":{"self":[{"href":"https:\/\/www.leshautesardennes.be\/sah\/wp-json\/wp\/v2\/posts\/1391","targetHints":{"allow":["GET"]}}],"collection":[{"href":"https:\/\/www.leshautesardennes.be\/sah\/wp-json\/wp\/v2\/posts"}],"about":[{"href":"https:\/\/www.leshautesardennes.be\/sah\/wp-json\/wp\/v2\/types\/post"}],"author":[{"embeddable":true,"href":"https:\/\/www.leshautesardennes.be\/sah\/wp-json\/wp\/v2\/users\/8"}],"replies":[{"embeddable":true,"href":"https:\/\/www.leshautesardennes.be\/sah\/wp-json\/wp\/v2\/comments?post=1391"}],"version-history":[{"count":1,"href":"https:\/\/www.leshautesardennes.be\/sah\/wp-json\/wp\/v2\/posts\/1391\/revisions"}],"predecessor-version":[{"id":1393,"href":"https:\/\/www.leshautesardennes.be\/sah\/wp-json\/wp\/v2\/posts\/1391\/revisions\/1393"}],"wp:attachment":[{"href":"https:\/\/www.leshautesardennes.be\/sah\/wp-json\/wp\/v2\/media?parent=1391"}],"wp:term":[{"taxonomy":"category","embeddable":true,"href":"https:\/\/www.leshautesardennes.be\/sah\/wp-json\/wp\/v2\/categories?post=1391"},{"taxonomy":"post_tag","embeddable":true,"href":"https:\/\/www.leshautesardennes.be\/sah\/wp-json\/wp\/v2\/tags?post=1391"}],"curies":[{"name":"wp","href":"https:\/\/api.w.org\/{rel}","templated":true}]}}