{"id":1384,"date":"2018-01-17T09:25:10","date_gmt":"2018-01-17T07:25:10","guid":{"rendered":"https:\/\/www.leshautesardennes.be\/sah\/?p=1384"},"modified":"2018-01-17T09:25:26","modified_gmt":"2018-01-17T07:25:26","slug":"repas-de-fin-dannee-2017-aux-hautes-ardennes","status":"publish","type":"post","link":"https:\/\/www.leshautesardennes.be\/sah\/2018\/01\/17\/repas-de-fin-dannee-2017-aux-hautes-ardennes\/","title":{"rendered":"Repas de fin d&rsquo;ann\u00e9e 2017 aux Hautes Ardennes"},"content":{"rendered":"<p>Le vendredi 22 d\u00e9cembre, les membres du personnel et les b\u00e9n\u00e9ficiaires \u00e9taient convi\u00e9s \u00e0 un repas \u00e0 La Table des Hautes Ardennes \u00e0 l\u2019occasion des f\u00eates de fin d\u2019ann\u00e9e. Apr\u00e8s avoir mis \u00e0 l\u2019honneur les travailleurs qui ont pris leur pension en 2017, c\u2019est autour d\u2019un verre et d\u2019un bon repas concoct\u00e9 par nos chefs que tous ont pu partager un moment de convivialit\u00e9.<\/p>\n<p>Au programme : rires, \u00e9changes et quelques pas de danse ! C\u2019\u00e9tait l\u2019occasion pour chacun et chacune de partager de bons moments avec amis et coll\u00e8gues.<\/p>\n<p>Les Acteurs D\u2019un Soir en ont \u00e9galement profit\u00e9 pour remettre un ch\u00e8que destin\u00e9 au projet Arc-En-Ciel.<\/p>\n<p><a href=\"https:\/\/www.leshautesardennes.be\/sah\/files\/2018\/01\/IMG_8126.jpg\"><img loading=\"lazy\" decoding=\"async\" class=\"alignnone size-large wp-image-1385\" src=\"https:\/\/www.leshautesardennes.be\/sah\/files\/2018\/01\/IMG_8126-1024x683.jpg\" alt=\"\" width=\"640\" height=\"427\" srcset=\"https:\/\/www.leshautesardennes.be\/sah\/files\/2018\/01\/IMG_8126-1024x683.jpg 1024w, https:\/\/www.leshautesardennes.be\/sah\/files\/2018\/01\/IMG_8126-300x200.jpg 300w, https:\/\/www.leshautesardennes.be\/sah\/files\/2018\/01\/IMG_8126-768x512.jpg 768w\" sizes=\"auto, (max-width: 640px) 100vw, 640px\" \/><\/a> <a href=\"https:\/\/www.leshautesardennes.be\/sah\/files\/2018\/01\/IMG_8140.jpg\"><img loading=\"lazy\" decoding=\"async\" class=\"alignnone size-large wp-image-1386\" src=\"https:\/\/www.leshautesardennes.be\/sah\/files\/2018\/01\/IMG_8140-1024x683.jpg\" alt=\"\" width=\"640\" height=\"427\" srcset=\"https:\/\/www.leshautesardennes.be\/sah\/files\/2018\/01\/IMG_8140-1024x683.jpg 1024w, https:\/\/www.leshautesardennes.be\/sah\/files\/2018\/01\/IMG_8140-300x200.jpg 300w, https:\/\/www.leshautesardennes.be\/sah\/files\/2018\/01\/IMG_8140-768x512.jpg 768w\" sizes=\"auto, (max-width: 640px) 100vw, 640px\" \/><\/a> <a href=\"https:\/\/www.leshautesardennes.be\/sah\/files\/2018\/01\/IMG_8132.jpg\"><img loading=\"lazy\" decoding=\"async\" class=\"alignnone size-large wp-image-1387 aligncenter\" src=\"https:\/\/www.leshautesardennes.be\/sah\/files\/2018\/01\/IMG_8132-1024x683.jpg\" alt=\"\" width=\"640\" height=\"427\" srcset=\"https:\/\/www.leshautesardennes.be\/sah\/files\/2018\/01\/IMG_8132-1024x683.jpg 1024w, https:\/\/www.leshautesardennes.be\/sah\/files\/2018\/01\/IMG_8132-300x200.jpg 300w, https:\/\/www.leshautesardennes.be\/sah\/files\/2018\/01\/IMG_8132-768x512.jpg 768w\" sizes=\"auto, (max-width: 640px) 100vw, 640px\" \/><\/a><\/p>\n","protected":false},"excerpt":{"rendered":"<p>Le vendredi 22 d\u00e9cembre, les membres du personnel et les b\u00e9n\u00e9ficiaires \u00e9taient convi\u00e9s \u00e0 un repas \u00e0 La Table des Hautes Ardennes \u00e0 l\u2019occasion des f\u00eates de fin d\u2019ann\u00e9e. Apr\u00e8s avoir mis \u00e0 l\u2019honneur les travailleurs qui ont pris leur &hellip; <a href=\"https:\/\/www.leshautesardennes.be\/sah\/2018\/01\/17\/repas-de-fin-dannee-2017-aux-hautes-ardennes\/\">Continuer la lecture <span class=\"meta-nav\">&rarr;<\/span><\/a><\/p>\n","protected":false},"author":8,"featured_media":0,"comment_status":"closed","ping_status":"open","sticky":false,"template":"","format":"standard","meta":{"_acf_changed":false,"footnotes":""},"categories":[1],"tags":[],"class_list":["post-1384","post","type-post","status-publish","format-standard","hentry","category-non-classe"],"acf":[],"_links":{"self":[{"href":"https:\/\/www.leshautesardennes.be\/sah\/wp-json\/wp\/v2\/posts\/1384","targetHints":{"allow":["GET"]}}],"collection":[{"href":"https:\/\/www.leshautesardennes.be\/sah\/wp-json\/wp\/v2\/posts"}],"about":[{"href":"https:\/\/www.leshautesardennes.be\/sah\/wp-json\/wp\/v2\/types\/post"}],"author":[{"embeddable":true,"href":"https:\/\/www.leshautesardennes.be\/sah\/wp-json\/wp\/v2\/users\/8"}],"replies":[{"embeddable":true,"href":"https:\/\/www.leshautesardennes.be\/sah\/wp-json\/wp\/v2\/comments?post=1384"}],"version-history":[{"count":2,"href":"https:\/\/www.leshautesardennes.be\/sah\/wp-json\/wp\/v2\/posts\/1384\/revisions"}],"predecessor-version":[{"id":1389,"href":"https:\/\/www.leshautesardennes.be\/sah\/wp-json\/wp\/v2\/posts\/1384\/revisions\/1389"}],"wp:attachment":[{"href":"https:\/\/www.leshautesardennes.be\/sah\/wp-json\/wp\/v2\/media?parent=1384"}],"wp:term":[{"taxonomy":"category","embeddable":true,"href":"https:\/\/www.leshautesardennes.be\/sah\/wp-json\/wp\/v2\/categories?post=1384"},{"taxonomy":"post_tag","embeddable":true,"href":"https:\/\/www.leshautesardennes.be\/sah\/wp-json\/wp\/v2\/tags?post=1384"}],"curies":[{"name":"wp","href":"https:\/\/api.w.org\/{rel}","templated":true}]}}