{"id":1380,"date":"2018-01-10T09:30:44","date_gmt":"2018-01-10T07:30:44","guid":{"rendered":"https:\/\/www.leshautesardennes.be\/sah\/?p=1380"},"modified":"2018-01-10T11:33:26","modified_gmt":"2018-01-10T09:33:26","slug":"focus-sur-le-groupe-bien-etre","status":"publish","type":"post","link":"https:\/\/www.leshautesardennes.be\/sah\/2018\/01\/10\/focus-sur-le-groupe-bien-etre\/","title":{"rendered":"Focus sur le groupe Bien-\u00catre"},"content":{"rendered":"<p>Chaque mois, l&rsquo;Asbl Les Hautes Ardennes met l&rsquo;accent sur l&rsquo;une des activit\u00e9s qu&rsquo;elle propose. Ce mois-ci il s&rsquo;agit du groupe Bien-\u00catre.<\/p>\n<p>&nbsp;<\/p>\n<p><b>Interview de Ga\u00eblle, \u00e9ducatrice<\/b><\/p>\n<p><b>Qu\u2019est-ce que le groupe Bien-\u00catre ?<\/b><\/p>\n<p>Au d\u00e9part, il s\u2019agissait d\u2019un groupe qui accueillait les personnes polyhandicap\u00e9es. Il s\u2019agissait beaucoup de personnes voitur\u00e9es, qui ont des probl\u00e8mes moteurs et qui n\u00e9cessitent du nursing. Avec le temps, le groupe s\u2019est ouvert \u00e0 d\u2019autres handicaps et pas seulement au polyhandicap. Il n\u2019y a pas d\u2019activit\u00e9 programm\u00e9es \u00e0 heure fixe. Les activit\u00e9s sont adapt\u00e9es aux personnes selon leur \u00e9tat physique. On peut s\u2019occuper des plantes,\u00a0 s\u2019occuper des tortues, faire du bricolage, des soins du corps, des massages\u2026 On adapte selon les personnes pr\u00e9sentes. Parfois, on peut faire des jeux en groupes mais souvent les activit\u00e9s sont individualis\u00e9es.<\/p>\n<p>L\u2019espace a \u00e9t\u00e9 con\u00e7u avec l\u2019architecte et les \u00e9ducatrices pour qu\u2019il soit accessible facilement aux personnes voitur\u00e9es.<\/p>\n<p>Nous sommes pr\u00e9sents \u00e0 l\u2019espace vert tous les jours. En g\u00e9n\u00e9ral, nous sommes deux encadrantes mais lorsque l\u2019on a trop de voiturettes, comme par exemple aujourd\u2019hui o\u00f9 on en a trois, cela devient difficile de sortir pour aller se promener. On a donc cr\u00e9\u00e9 un jardin \u00e0 c\u00f4t\u00e9 o\u00f9 les b\u00e9n\u00e9ficiaires peuvent circuler.<\/p>\n<p><b>Quel but poursuivez-vous ?\u00a0\u00a0 <\/b><\/p>\n<p>C\u2019est de maintenir des acquis. On accueille un panel de handicaps, certains ont des acquis, d\u2019autres sont en apprentissage. Notre population est en fait assez h\u00e9t\u00e9rog\u00e8ne. On respecte donc leur rythme. La diff\u00e9rence avec le groupe confort, c\u2019est qu\u2019ils se d\u00e9placent pour venir ici. Ils viennent au \u00ab\u00a0travail\u00a0\u00bb, comme le dit Josiane. On essaie aussi de trouver des activit\u00e9s gratifiantes. Par exemple, les invitations pour les cr\u00eapes. C\u2019est Brigitte qui les a faites et puis elle est all\u00e9 les distribuer. C\u2019est donc une fiert\u00e9.<\/p>\n<p><b>Quelles sont les difficult\u00e9s ?<\/b><\/p>\n<p>Au d\u00e9but, on partageait le local avec le groupe des personnes autistes. \u00c7a a \u00e9t\u00e9 compliqu\u00e9 car les personnes autistes ont besoin d\u2019un environnement tr\u00e8s cadr\u00e9 alors que les personnes que nous accueillons ont besoin au contraire de beaucoup de stimuli.<\/p>\n<p>Aujourd\u2019hui, ce qui n\u2019est pas facile, c\u2019est de trouver des activit\u00e9s qu\u2019ils peuvent r\u00e9aliser eux-m\u00eames. On n\u2019est pas l\u00e0 pour le faire \u00e0 leur place. On peut les aider mais si c\u2019est pour tout faire de A \u00e0 Z, \u00e7a n\u2019aurait aucun int\u00e9r\u00eat. Par exemple, pour la derni\u00e8re exposition, pour laquelle ils ont remport\u00e9 le premier prix, ils n\u2019ont pas travaill\u00e9 tous les jours dessus, ils travaillaient quand leur \u00e9tat leur permettait.<\/p>\n<p>Une autre difficult\u00e9 est de pouvoir adapter le mat\u00e9riel et l\u2019espace pour que les b\u00e9n\u00e9ficiaires puissent r\u00e9aliser leur activit\u00e9 et leurs gestes quotidiens avec un maximum d\u2019autonomie.<\/p>\n<p>&nbsp;<\/p>\n<p style=\"text-align: center\"><a href=\"https:\/\/www.leshautesardennes.be\/sah\/files\/2018\/01\/IMG_8102.jpg\"><img loading=\"lazy\" decoding=\"async\" class=\"alignnone size-large wp-image-1381\" src=\"https:\/\/www.leshautesardennes.be\/sah\/files\/2018\/01\/IMG_8102-1024x451.jpg\" alt=\"\" width=\"640\" height=\"282\" srcset=\"https:\/\/www.leshautesardennes.be\/sah\/files\/2018\/01\/IMG_8102-1024x451.jpg 1024w, https:\/\/www.leshautesardennes.be\/sah\/files\/2018\/01\/IMG_8102-300x132.jpg 300w, https:\/\/www.leshautesardennes.be\/sah\/files\/2018\/01\/IMG_8102-768x338.jpg 768w\" sizes=\"auto, (max-width: 640px) 100vw, 640px\" \/><\/a><\/p>\n<p>&nbsp;<\/p>\n<p>&nbsp;<\/p>\n<p><b>Beno\u00eet <\/b><b>G\u00e9rardy<\/b><b> : <\/b><\/p>\n<p><em>\u00a0\u00bb Il s\u2019agit ici autant d\u2019un groupe de vie que d\u2019une activit\u00e9. Les gens restent en g\u00e9n\u00e9ral dans ce local-l\u00e0 et exercent plusieurs activit\u00e9s. La population qui y est n\u2019est pas fig\u00e9e puisque certaines personnes ne viennent que par intermittence, lorsqu\u2019elles ont besoin de repos, de calme, de bien-\u00eatre\u2026 Ce que j\u2019appr\u00e9cie beaucoup dans ce projet, c\u2019est que les animatrices proposent des moments de rencontres et d\u2019\u00e9changes avec des personnes hors du groupe, comme lors de l\u2019activit\u00e9 cr\u00eapes r\u00e9cemment.\u00a0\u00bb<\/em><\/p>\n<p>&nbsp;<\/p>\n<p>&nbsp;<\/p>\n","protected":false},"excerpt":{"rendered":"<p>Chaque mois, l&rsquo;Asbl Les Hautes Ardennes met l&rsquo;accent sur l&rsquo;une des activit\u00e9s qu&rsquo;elle propose. Ce mois-ci il s&rsquo;agit du groupe Bien-\u00catre. &nbsp; Interview de Ga\u00eblle, \u00e9ducatrice Qu\u2019est-ce que le groupe Bien-\u00catre ? Au d\u00e9part, il s\u2019agissait d\u2019un groupe qui accueillait &hellip; <a href=\"https:\/\/www.leshautesardennes.be\/sah\/2018\/01\/10\/focus-sur-le-groupe-bien-etre\/\">Continuer la lecture <span class=\"meta-nav\">&rarr;<\/span><\/a><\/p>\n","protected":false},"author":8,"featured_media":0,"comment_status":"closed","ping_status":"open","sticky":false,"template":"","format":"standard","meta":{"_acf_changed":false,"footnotes":""},"categories":[1],"tags":[],"class_list":["post-1380","post","type-post","status-publish","format-standard","hentry","category-non-classe"],"acf":[],"_links":{"self":[{"href":"https:\/\/www.leshautesardennes.be\/sah\/wp-json\/wp\/v2\/posts\/1380","targetHints":{"allow":["GET"]}}],"collection":[{"href":"https:\/\/www.leshautesardennes.be\/sah\/wp-json\/wp\/v2\/posts"}],"about":[{"href":"https:\/\/www.leshautesardennes.be\/sah\/wp-json\/wp\/v2\/types\/post"}],"author":[{"embeddable":true,"href":"https:\/\/www.leshautesardennes.be\/sah\/wp-json\/wp\/v2\/users\/8"}],"replies":[{"embeddable":true,"href":"https:\/\/www.leshautesardennes.be\/sah\/wp-json\/wp\/v2\/comments?post=1380"}],"version-history":[{"count":2,"href":"https:\/\/www.leshautesardennes.be\/sah\/wp-json\/wp\/v2\/posts\/1380\/revisions"}],"predecessor-version":[{"id":1383,"href":"https:\/\/www.leshautesardennes.be\/sah\/wp-json\/wp\/v2\/posts\/1380\/revisions\/1383"}],"wp:attachment":[{"href":"https:\/\/www.leshautesardennes.be\/sah\/wp-json\/wp\/v2\/media?parent=1380"}],"wp:term":[{"taxonomy":"category","embeddable":true,"href":"https:\/\/www.leshautesardennes.be\/sah\/wp-json\/wp\/v2\/categories?post=1380"},{"taxonomy":"post_tag","embeddable":true,"href":"https:\/\/www.leshautesardennes.be\/sah\/wp-json\/wp\/v2\/tags?post=1380"}],"curies":[{"name":"wp","href":"https:\/\/api.w.org\/{rel}","templated":true}]}}