{"id":1343,"date":"2017-10-02T11:21:59","date_gmt":"2017-10-02T09:21:59","guid":{"rendered":"https:\/\/www.leshautesardennes.be\/sah\/?p=1343"},"modified":"2017-10-02T12:33:01","modified_gmt":"2017-10-02T10:33:01","slug":"excursion-a-disney","status":"publish","type":"post","link":"https:\/\/www.leshautesardennes.be\/sah\/2017\/10\/02\/excursion-a-disney\/","title":{"rendered":"Excursion \u00e0 Disney !"},"content":{"rendered":"<p>Ce samedi 30 septembre, plusieurs b\u00e9n\u00e9ficiaires ont eu l\u2019occasion d\u2019aller rencontrer Mickey \u00e0 Disney. Il s\u2019agit de la deuxi\u00e8me \u00e9dition de l\u2019excursion puisqu\u2019elle avait d\u00e9j\u00e0 eu lieu 2 ans auparavant.<\/p>\n<p>Ce voyage a pu \u00eatre organis\u00e9e gr\u00e2ce \u00e0 la r\u00e9colte et le tri des bouchons. Au total, presque 2 tonnes de bouchons ont \u00e9t\u00e9 conditionn\u00e9s. L\u2019argent obtenu a permis de r\u00e9duire le prix du car r\u00e9serv\u00e9.<\/p>\n<p>Bien que la pluie ait un peu fait peur lors du d\u00e9part, la journ\u00e9e s\u2019est d\u00e9roul\u00e9e sous le soleil. Et malgr\u00e9 le monde pr\u00e9sent, les b\u00e9n\u00e9ficiaires ont pu profiter de beaucoup d\u2019attractions ; ratatouille, pirates des\u00a0 cara\u00efbes, le monde des poup\u00e9es\u2026 sans oublier les boutiques pour un petit souvenir . C&rsquo;est la t\u00eate pleine d&rsquo;\u00e9toiles qu\u2019ils sont repartis en se disant \u00ab\u00a0Il faut y revenir !\u00a0\u00bb.<\/p>\n<p>&nbsp;<\/p>\n<p><a href=\"https:\/\/www.leshautesardennes.be\/sah\/files\/2017\/10\/22199140_10214109312751175_1009160864_o.jpg\"><br \/>\n<img loading=\"lazy\" decoding=\"async\" class=\"aligncenter size-large wp-image-1346\" src=\"https:\/\/www.leshautesardennes.be\/sah\/files\/2017\/10\/22199140_10214109312751175_1009160864_o-1024x768.jpg\" alt=\"\" width=\"640\" height=\"480\" srcset=\"https:\/\/www.leshautesardennes.be\/sah\/files\/2017\/10\/22199140_10214109312751175_1009160864_o-1024x768.jpg 1024w, https:\/\/www.leshautesardennes.be\/sah\/files\/2017\/10\/22199140_10214109312751175_1009160864_o-300x225.jpg 300w, https:\/\/www.leshautesardennes.be\/sah\/files\/2017\/10\/22199140_10214109312751175_1009160864_o-768x576.jpg 768w, https:\/\/www.leshautesardennes.be\/sah\/files\/2017\/10\/22199140_10214109312751175_1009160864_o.jpg 1920w\" sizes=\"auto, (max-width: 640px) 100vw, 640px\" \/><\/a><a href=\"https:\/\/www.leshautesardennes.be\/sah\/files\/2017\/10\/22197519_10214109312351165_147684609_o.jpg\"><img loading=\"lazy\" decoding=\"async\" class=\"aligncenter size-large wp-image-1345\" src=\"https:\/\/www.leshautesardennes.be\/sah\/files\/2017\/10\/22197519_10214109312351165_147684609_o-1024x768.jpg\" alt=\"\" width=\"640\" height=\"480\" srcset=\"https:\/\/www.leshautesardennes.be\/sah\/files\/2017\/10\/22197519_10214109312351165_147684609_o-1024x768.jpg 1024w, https:\/\/www.leshautesardennes.be\/sah\/files\/2017\/10\/22197519_10214109312351165_147684609_o-300x225.jpg 300w, https:\/\/www.leshautesardennes.be\/sah\/files\/2017\/10\/22197519_10214109312351165_147684609_o-768x576.jpg 768w, https:\/\/www.leshautesardennes.be\/sah\/files\/2017\/10\/22197519_10214109312351165_147684609_o.jpg 1920w\" sizes=\"auto, (max-width: 640px) 100vw, 640px\" \/><\/a><a href=\"https:\/\/www.leshautesardennes.be\/sah\/files\/2017\/10\/22141018_336861910108984_1587351795703889245_n.jpg\"><img loading=\"lazy\" decoding=\"async\" class=\"aligncenter size-full wp-image-1344\" src=\"https:\/\/www.leshautesardennes.be\/sah\/files\/2017\/10\/22141018_336861910108984_1587351795703889245_n.jpg\" alt=\"\" width=\"960\" height=\"839\" srcset=\"https:\/\/www.leshautesardennes.be\/sah\/files\/2017\/10\/22141018_336861910108984_1587351795703889245_n.jpg 960w, https:\/\/www.leshautesardennes.be\/sah\/files\/2017\/10\/22141018_336861910108984_1587351795703889245_n-300x262.jpg 300w, https:\/\/www.leshautesardennes.be\/sah\/files\/2017\/10\/22141018_336861910108984_1587351795703889245_n-768x671.jpg 768w\" sizes=\"auto, (max-width: 960px) 100vw, 960px\" \/><\/a><\/p>\n","protected":false},"excerpt":{"rendered":"<p>Ce samedi 30 septembre, plusieurs b\u00e9n\u00e9ficiaires ont eu l\u2019occasion d\u2019aller rencontrer Mickey \u00e0 Disney. Il s\u2019agit de la deuxi\u00e8me \u00e9dition de l\u2019excursion puisqu\u2019elle avait d\u00e9j\u00e0 eu lieu 2 ans auparavant. Ce voyage a pu \u00eatre organis\u00e9e gr\u00e2ce \u00e0 la r\u00e9colte &hellip; <a href=\"https:\/\/www.leshautesardennes.be\/sah\/2017\/10\/02\/excursion-a-disney\/\">Continuer la lecture <span class=\"meta-nav\">&rarr;<\/span><\/a><\/p>\n","protected":false},"author":8,"featured_media":0,"comment_status":"closed","ping_status":"open","sticky":false,"template":"","format":"standard","meta":{"_acf_changed":false,"footnotes":""},"categories":[1],"tags":[],"class_list":["post-1343","post","type-post","status-publish","format-standard","hentry","category-non-classe"],"acf":[],"_links":{"self":[{"href":"https:\/\/www.leshautesardennes.be\/sah\/wp-json\/wp\/v2\/posts\/1343","targetHints":{"allow":["GET"]}}],"collection":[{"href":"https:\/\/www.leshautesardennes.be\/sah\/wp-json\/wp\/v2\/posts"}],"about":[{"href":"https:\/\/www.leshautesardennes.be\/sah\/wp-json\/wp\/v2\/types\/post"}],"author":[{"embeddable":true,"href":"https:\/\/www.leshautesardennes.be\/sah\/wp-json\/wp\/v2\/users\/8"}],"replies":[{"embeddable":true,"href":"https:\/\/www.leshautesardennes.be\/sah\/wp-json\/wp\/v2\/comments?post=1343"}],"version-history":[{"count":2,"href":"https:\/\/www.leshautesardennes.be\/sah\/wp-json\/wp\/v2\/posts\/1343\/revisions"}],"predecessor-version":[{"id":1349,"href":"https:\/\/www.leshautesardennes.be\/sah\/wp-json\/wp\/v2\/posts\/1343\/revisions\/1349"}],"wp:attachment":[{"href":"https:\/\/www.leshautesardennes.be\/sah\/wp-json\/wp\/v2\/media?parent=1343"}],"wp:term":[{"taxonomy":"category","embeddable":true,"href":"https:\/\/www.leshautesardennes.be\/sah\/wp-json\/wp\/v2\/categories?post=1343"},{"taxonomy":"post_tag","embeddable":true,"href":"https:\/\/www.leshautesardennes.be\/sah\/wp-json\/wp\/v2\/tags?post=1343"}],"curies":[{"name":"wp","href":"https:\/\/api.w.org\/{rel}","templated":true}]}}