{"id":1339,"date":"2017-09-11T11:09:45","date_gmt":"2017-09-11T09:09:45","guid":{"rendered":"https:\/\/www.leshautesardennes.be\/sah\/?p=1339"},"modified":"2017-09-11T11:09:45","modified_gmt":"2017-09-11T09:09:45","slug":"inauguration-du-jardin-des-sens-a-beche","status":"publish","type":"post","link":"https:\/\/www.leshautesardennes.be\/sah\/2017\/09\/11\/inauguration-du-jardin-des-sens-a-beche\/","title":{"rendered":"Inauguration du jardin des sens \u00e0 B\u00eache"},"content":{"rendered":"<p>Ce dimanche 10 septembre a eu lieu l\u2019inauguration du jardin sensoriel \u00e0 B\u00eache.<\/p>\n<p>Le projet du jardin sensoriel est n\u00e9 il y a \u00e0 peu pr\u00e8s 10 ans. \u00c0 l\u2019\u00e9poque, plusieurs \u00e9ducateurs avaient suivi la formation Snoezelen, donn\u00e9e par Marc Thiry. C\u2019est dans la continuit\u00e9 de cette formation que l\u2019id\u00e9e a vu le jour.<\/p>\n<p>L\u2019espace sensoriel b\u00e9n\u00e9ficie aux personnes vieillissantes ou pour qui certains sens font d\u00e9faut. Il a \u00e9t\u00e9 r\u00e9fl\u00e9chi pour pouvoir s\u2019adapter \u00e0 la pathologie et au comportement de chacun afin que tous les b\u00e9n\u00e9ficiaires puissent profiter, \u00e0 leur mani\u00e8re, de cet espace.<\/p>\n<p>Les premiers projets ont \u00e9t\u00e9 r\u00e9alis\u00e9s \u00e0 l\u2019int\u00e9rieur du b\u00e2timent pour, tr\u00e8s vite, se d\u00e9velopper aussi \u00e0 l\u2019ext\u00e9rieur. Les travaux ont ainsi commenc\u00e9 en 2014 pour se terminer fin 2015. Ils ont principalement \u00e9t\u00e9 financ\u00e9s par Cap48, les membres du Taliki\u2019s et Samhain, sans qui, ce projet n\u2019aurait jamais vu le jour.<\/p>\n<p>Bien que le gros \u0153uvre soit termin\u00e9, les structures resteront constamment en \u00e9volution puisqu\u2019il y aura toujours \u00e0 am\u00e9liorer et \u00e0 ajouter.<\/p>\n<p>C\u2019est donc le deuxi\u00e8me dimanche de septembre que l\u2019\u00e9quipe du Clos des Aub\u00e9pines a d\u00e9cid\u00e9 de partager ce projet avec les familles et amis des b\u00e9n\u00e9ficiaires. Chacun a pu y d\u00e9couvrir les diff\u00e9rents espaces pens\u00e9s et am\u00e9nag\u00e9s autour des 5 sens.<\/p>\n<p>Au programme, visite du jardin avec les \u00e9ducateurs responsables et un petit mot du pr\u00e9sident. Le tout suivi d\u2019un ap\u00e9ro d\u00eenatoire concoct\u00e9 par La Table Des Hautes Ardennes.<\/p>\n<p>C\u2019\u00e9tait \u00e9galement l\u2019occasion pour Les Hautes Ardennes d\u2019annoncer le projet d\u2019am\u00e9nagement d\u2019une maison pour les personnes autistes. Affaire \u00e0 suivre\u2026<\/p>\n<p>&nbsp;<\/p>\n<p><a href=\"https:\/\/www.leshautesardennes.be\/sah\/files\/2017\/09\/IMG_2351.jpg\"><img loading=\"lazy\" decoding=\"async\" class=\"aligncenter size-full wp-image-1340\" src=\"https:\/\/www.leshautesardennes.be\/sah\/files\/2017\/09\/IMG_2351.jpg\" alt=\"\" width=\"427\" height=\"284\" srcset=\"https:\/\/www.leshautesardennes.be\/sah\/files\/2017\/09\/IMG_2351.jpg 427w, https:\/\/www.leshautesardennes.be\/sah\/files\/2017\/09\/IMG_2351-300x200.jpg 300w\" sizes=\"auto, (max-width: 427px) 100vw, 427px\" \/><\/a><\/p>\n","protected":false},"excerpt":{"rendered":"<p>Ce dimanche 10 septembre a eu lieu l\u2019inauguration du jardin sensoriel \u00e0 B\u00eache. Le projet du jardin sensoriel est n\u00e9 il y a \u00e0 peu pr\u00e8s 10 ans. \u00c0 l\u2019\u00e9poque, plusieurs \u00e9ducateurs avaient suivi la formation Snoezelen, donn\u00e9e par Marc &hellip; <a href=\"https:\/\/www.leshautesardennes.be\/sah\/2017\/09\/11\/inauguration-du-jardin-des-sens-a-beche\/\">Continuer la lecture <span class=\"meta-nav\">&rarr;<\/span><\/a><\/p>\n","protected":false},"author":8,"featured_media":0,"comment_status":"closed","ping_status":"open","sticky":false,"template":"","format":"standard","meta":{"_acf_changed":false,"footnotes":""},"categories":[1],"tags":[],"class_list":["post-1339","post","type-post","status-publish","format-standard","hentry","category-non-classe"],"acf":[],"_links":{"self":[{"href":"https:\/\/www.leshautesardennes.be\/sah\/wp-json\/wp\/v2\/posts\/1339","targetHints":{"allow":["GET"]}}],"collection":[{"href":"https:\/\/www.leshautesardennes.be\/sah\/wp-json\/wp\/v2\/posts"}],"about":[{"href":"https:\/\/www.leshautesardennes.be\/sah\/wp-json\/wp\/v2\/types\/post"}],"author":[{"embeddable":true,"href":"https:\/\/www.leshautesardennes.be\/sah\/wp-json\/wp\/v2\/users\/8"}],"replies":[{"embeddable":true,"href":"https:\/\/www.leshautesardennes.be\/sah\/wp-json\/wp\/v2\/comments?post=1339"}],"version-history":[{"count":1,"href":"https:\/\/www.leshautesardennes.be\/sah\/wp-json\/wp\/v2\/posts\/1339\/revisions"}],"predecessor-version":[{"id":1341,"href":"https:\/\/www.leshautesardennes.be\/sah\/wp-json\/wp\/v2\/posts\/1339\/revisions\/1341"}],"wp:attachment":[{"href":"https:\/\/www.leshautesardennes.be\/sah\/wp-json\/wp\/v2\/media?parent=1339"}],"wp:term":[{"taxonomy":"category","embeddable":true,"href":"https:\/\/www.leshautesardennes.be\/sah\/wp-json\/wp\/v2\/categories?post=1339"},{"taxonomy":"post_tag","embeddable":true,"href":"https:\/\/www.leshautesardennes.be\/sah\/wp-json\/wp\/v2\/tags?post=1339"}],"curies":[{"name":"wp","href":"https:\/\/api.w.org\/{rel}","templated":true}]}}