{"id":1332,"date":"2017-08-21T13:38:34","date_gmt":"2017-08-21T11:38:34","guid":{"rendered":"https:\/\/www.leshautesardennes.be\/sah\/?p=1332"},"modified":"2017-08-21T13:38:34","modified_gmt":"2017-08-21T11:38:34","slug":"envie-de-relever-le-defi","status":"publish","type":"post","link":"https:\/\/www.leshautesardennes.be\/sah\/2017\/08\/21\/envie-de-relever-le-defi\/","title":{"rendered":"Envie de relever le d\u00e9fi ?"},"content":{"rendered":"<p style=\"text-align: center\"><span style=\"font-size: 14pt\"><strong>Le Fun Trophy est de retour !\u00a0<\/strong><\/span><\/p>\n<p style=\"text-align: center\">Venez par \u00e9quipe de 5 \u00e0 6 personnes faire face \u00e0 une dizaine d&rsquo;\u00e9preuves plus \u00ab\u00a0fun\u00a0\u00bb les unes que les autres !<\/p>\n<p style=\"text-align: center\">Ne tardez pas \u00e0 vous inscrire \ud83d\ude00<\/p>\n<p style=\"text-align: center\">\n<p><a href=\"https:\/\/www.leshautesardennes.be\/sah\/files\/2017\/08\/affiche-2017.jpg\"><img loading=\"lazy\" decoding=\"async\" class=\"aligncenter size-large wp-image-1333\" src=\"https:\/\/www.leshautesardennes.be\/sah\/files\/2017\/08\/affiche-2017-717x1024.jpg\" alt=\"\" width=\"640\" height=\"914\" srcset=\"https:\/\/www.leshautesardennes.be\/sah\/files\/2017\/08\/affiche-2017-717x1024.jpg 717w, https:\/\/www.leshautesardennes.be\/sah\/files\/2017\/08\/affiche-2017-210x300.jpg 210w, https:\/\/www.leshautesardennes.be\/sah\/files\/2017\/08\/affiche-2017-768x1097.jpg 768w\" sizes=\"auto, (max-width: 640px) 100vw, 640px\" \/><\/a><\/p>\n","protected":false},"excerpt":{"rendered":"<p>Le Fun Trophy est de retour !\u00a0 Venez par \u00e9quipe de 5 \u00e0 6 personnes faire face \u00e0 une dizaine d&rsquo;\u00e9preuves plus \u00ab\u00a0fun\u00a0\u00bb les unes que les autres ! Ne tardez pas \u00e0 vous inscrire \ud83d\ude00<\/p>\n","protected":false},"author":8,"featured_media":0,"comment_status":"closed","ping_status":"open","sticky":false,"template":"","format":"standard","meta":{"_acf_changed":false,"footnotes":""},"categories":[1],"tags":[],"class_list":["post-1332","post","type-post","status-publish","format-standard","hentry","category-non-classe"],"acf":[],"_links":{"self":[{"href":"https:\/\/www.leshautesardennes.be\/sah\/wp-json\/wp\/v2\/posts\/1332","targetHints":{"allow":["GET"]}}],"collection":[{"href":"https:\/\/www.leshautesardennes.be\/sah\/wp-json\/wp\/v2\/posts"}],"about":[{"href":"https:\/\/www.leshautesardennes.be\/sah\/wp-json\/wp\/v2\/types\/post"}],"author":[{"embeddable":true,"href":"https:\/\/www.leshautesardennes.be\/sah\/wp-json\/wp\/v2\/users\/8"}],"replies":[{"embeddable":true,"href":"https:\/\/www.leshautesardennes.be\/sah\/wp-json\/wp\/v2\/comments?post=1332"}],"version-history":[{"count":1,"href":"https:\/\/www.leshautesardennes.be\/sah\/wp-json\/wp\/v2\/posts\/1332\/revisions"}],"predecessor-version":[{"id":1334,"href":"https:\/\/www.leshautesardennes.be\/sah\/wp-json\/wp\/v2\/posts\/1332\/revisions\/1334"}],"wp:attachment":[{"href":"https:\/\/www.leshautesardennes.be\/sah\/wp-json\/wp\/v2\/media?parent=1332"}],"wp:term":[{"taxonomy":"category","embeddable":true,"href":"https:\/\/www.leshautesardennes.be\/sah\/wp-json\/wp\/v2\/categories?post=1332"},{"taxonomy":"post_tag","embeddable":true,"href":"https:\/\/www.leshautesardennes.be\/sah\/wp-json\/wp\/v2\/tags?post=1332"}],"curies":[{"name":"wp","href":"https:\/\/api.w.org\/{rel}","templated":true}]}}