{"id":1322,"date":"2017-07-18T09:50:21","date_gmt":"2017-07-18T07:50:21","guid":{"rendered":"https:\/\/www.leshautesardennes.be\/sah\/?p=1322"},"modified":"2017-07-18T09:51:57","modified_gmt":"2017-07-18T07:51:57","slug":"une-nouvelle-initiative-des-rangers","status":"publish","type":"post","link":"https:\/\/www.leshautesardennes.be\/sah\/2017\/07\/18\/une-nouvelle-initiative-des-rangers\/","title":{"rendered":"Une nouvelle initiative des Rangers !"},"content":{"rendered":"<p>Actuellement, les Rangers Trientale travaillent aux abords du Lac des Doyards. En quoi consiste ce travail\u00a0? Il rentre dans un projet de v\u00e9g\u00e9talisation du Lac, men\u00e9 par Guy Sevrin. Le but est de diversifier la faune et la flore le long du lac.<br \/>\nLes Rangers ont donc pour t\u00e2che de planter plus de 500 plantes \u00e0 certains endroits de la berge et de les prot\u00e9ger des castors.<\/p>\n<p>Guy Sevrin nous explique son projet\u00a0:<\/p>\n<p><em>\u00ab\u00a0Au d\u00e9part, il \u00e9tait question d\u2019installer deux radeaux v\u00e9g\u00e9talis\u00e9s sur le lac. Il y en a un qui est install\u00e9 pour le moment. Il a \u00e9t\u00e9 plac\u00e9 \u00e0 la fin du mois de juin. Il fait 32m\u00b3, ce qui, sur le lac qui fait 110.000m\u00b2, est fort petit. La v\u00e9g\u00e9talisation doit encore cro\u00eetre et arriver \u00e0 une hauteur d\u2019environ 1m20. Il faudra \u00eatre un peu patient pour que cela soit visible et beau. <\/em><\/p>\n<p><em>\u00c0 c\u00f4t\u00e9 de ce projet, nous avons pens\u00e9 qu\u2019il faudrait v\u00e9g\u00e9taliser les berges du lac. C\u2019est-\u00e0-dire y planter des plantes qui vont fleurir. Elles ont \u00e9t\u00e9 livr\u00e9es ce matin. Il n\u2019y a plus qu\u2019\u00e0 les planter sur les rives du lac. C\u2019est un peu compliqu\u00e9 puisque les rives sont tr\u00e8s pentues. <\/em><\/p>\n<p><em>Ce qu\u2019on a \u00e9galement r\u00e9ussi \u00e0 faire cette ann\u00e9e, c\u2019est que les berges ne soient plus fauch\u00e9es de mani\u00e8re \u00e0 ce que les v\u00e9g\u00e9taux et les animaux qui y vivent puissent se reproduire. Elles seront fauch\u00e9es apr\u00e8s le 15 septembre. <\/em><\/p>\n<p><em>Ce projet se poursuivra l\u2019an prochain par la plantation d\u2019arbres et d\u2019arbustes, du c\u00f4t\u00e9 de Rencheux, qui serviront \u00e0 v\u00e9g\u00e9taliser le talus \u00ab\u00a0du chemin de fer\u00a0\u00bb et \u00e0 \u00ab\u00a0nourrir\u00a0\u00bb les castors. Le but n\u2019\u00e9tant pas de les nourrir \u00e0 proprement parler mais plut\u00f4t de les d\u00e9tourner des arbres existants que l\u2019on tente de pr\u00e9server. Nous mettrons donc des arbres tels que des noisetiers, qu\u2019ils aiment particuli\u00e8rement de mani\u00e8re \u00e0 ce qu\u2019ils n\u2019aillent pas ronger l\u2019\u00e9corce d\u2019autres arbres que nous souhaitons voir prosp\u00e9rer autour du lac. <\/em><\/p>\n<p><em>Les Rangers se sont donc port\u00e9s volontaires pour planter ces 500 plantes aquatiques et pour les plantations pr\u00e9vues pour l\u2019an prochain. Ils ont \u00e9galement propos\u00e9 d\u2019aider \u00e0 prot\u00e9ger les arbres qui ont \u00e9t\u00e9 marqu\u00e9s et placer des treillis tout autour de fa\u00e7on \u00e0 ce que les castors n\u2019aillent pas les manger.<\/em><\/p>\n<p><em>\u00c9videmment, l\u2019aide des rangers est importante puisque c\u2019est beaucoup de travail. Pour nous c\u2019est donc une sacr\u00e9e aide et une certaine satisfaction de pouvoir b\u00e9n\u00e9ficier de leur travail.\u00a0\u00bb<\/em><\/p>\n<p>&nbsp;<\/p>\n<p>&nbsp;<\/p>\n<p><em> <a href=\"https:\/\/www.leshautesardennes.be\/sah\/files\/2017\/07\/IMG_2218.jpg\"><img loading=\"lazy\" decoding=\"async\" class=\"aligncenter size-large wp-image-1325\" src=\"https:\/\/www.leshautesardennes.be\/sah\/files\/2017\/07\/IMG_2218.jpg\" alt=\"\" width=\"500\" height=\"750\" srcset=\"https:\/\/www.leshautesardennes.be\/sah\/files\/2017\/07\/IMG_2218.jpg 500w, https:\/\/www.leshautesardennes.be\/sah\/files\/2017\/07\/IMG_2218-200x300.jpg 200w\" sizes=\"auto, (max-width: 500px) 100vw, 500px\" \/><\/a> <\/em><\/p>\n<p><img loading=\"lazy\" decoding=\"async\" class=\" wp-image-1324 alignleft\" src=\"https:\/\/www.leshautesardennes.be\/sah\/files\/2017\/07\/IMG_2222.jpg\" alt=\"\" width=\"120\" height=\"180\" srcset=\"https:\/\/www.leshautesardennes.be\/sah\/files\/2017\/07\/IMG_2222.jpg 500w, https:\/\/www.leshautesardennes.be\/sah\/files\/2017\/07\/IMG_2222-200x300.jpg 200w\" sizes=\"auto, (max-width: 120px) 100vw, 120px\" \/><a href=\"https:\/\/www.leshautesardennes.be\/sah\/files\/2017\/07\/IMG_2207.jpg\"><img loading=\"lazy\" decoding=\"async\" class=\"wp-image-1323 alignleft\" src=\"https:\/\/www.leshautesardennes.be\/sah\/files\/2017\/07\/IMG_2207-1024x683.jpg\" alt=\"\" width=\"268\" height=\"179\" srcset=\"https:\/\/www.leshautesardennes.be\/sah\/files\/2017\/07\/IMG_2207-1024x683.jpg 1024w, https:\/\/www.leshautesardennes.be\/sah\/files\/2017\/07\/IMG_2207-300x200.jpg 300w, https:\/\/www.leshautesardennes.be\/sah\/files\/2017\/07\/IMG_2207-768x512.jpg 768w\" sizes=\"auto, (max-width: 268px) 100vw, 268px\" \/><\/a><a href=\"https:\/\/www.leshautesardennes.be\/sah\/files\/2017\/07\/IMG_2200.jpg\"><img loading=\"lazy\" decoding=\"async\" class=\"wp-image-1326 alignleft\" src=\"https:\/\/www.leshautesardennes.be\/sah\/files\/2017\/07\/IMG_2200.jpg\" alt=\"\" width=\"269\" height=\"179\" srcset=\"https:\/\/www.leshautesardennes.be\/sah\/files\/2017\/07\/IMG_2200.jpg 500w, https:\/\/www.leshautesardennes.be\/sah\/files\/2017\/07\/IMG_2200-300x200.jpg 300w\" sizes=\"auto, (max-width: 269px) 100vw, 269px\" \/><\/a><\/p>\n","protected":false},"excerpt":{"rendered":"<p>Actuellement, les Rangers Trientale travaillent aux abords du Lac des Doyards. En quoi consiste ce travail\u00a0? Il rentre dans un projet de v\u00e9g\u00e9talisation du Lac, men\u00e9 par Guy Sevrin. Le but est de diversifier la faune et la flore le &hellip; <a href=\"https:\/\/www.leshautesardennes.be\/sah\/2017\/07\/18\/une-nouvelle-initiative-des-rangers\/\">Continuer la lecture <span class=\"meta-nav\">&rarr;<\/span><\/a><\/p>\n","protected":false},"author":8,"featured_media":0,"comment_status":"closed","ping_status":"open","sticky":false,"template":"","format":"standard","meta":{"_acf_changed":false,"footnotes":""},"categories":[1],"tags":[],"class_list":["post-1322","post","type-post","status-publish","format-standard","hentry","category-non-classe"],"acf":[],"_links":{"self":[{"href":"https:\/\/www.leshautesardennes.be\/sah\/wp-json\/wp\/v2\/posts\/1322","targetHints":{"allow":["GET"]}}],"collection":[{"href":"https:\/\/www.leshautesardennes.be\/sah\/wp-json\/wp\/v2\/posts"}],"about":[{"href":"https:\/\/www.leshautesardennes.be\/sah\/wp-json\/wp\/v2\/types\/post"}],"author":[{"embeddable":true,"href":"https:\/\/www.leshautesardennes.be\/sah\/wp-json\/wp\/v2\/users\/8"}],"replies":[{"embeddable":true,"href":"https:\/\/www.leshautesardennes.be\/sah\/wp-json\/wp\/v2\/comments?post=1322"}],"version-history":[{"count":4,"href":"https:\/\/www.leshautesardennes.be\/sah\/wp-json\/wp\/v2\/posts\/1322\/revisions"}],"predecessor-version":[{"id":1330,"href":"https:\/\/www.leshautesardennes.be\/sah\/wp-json\/wp\/v2\/posts\/1322\/revisions\/1330"}],"wp:attachment":[{"href":"https:\/\/www.leshautesardennes.be\/sah\/wp-json\/wp\/v2\/media?parent=1322"}],"wp:term":[{"taxonomy":"category","embeddable":true,"href":"https:\/\/www.leshautesardennes.be\/sah\/wp-json\/wp\/v2\/categories?post=1322"},{"taxonomy":"post_tag","embeddable":true,"href":"https:\/\/www.leshautesardennes.be\/sah\/wp-json\/wp\/v2\/tags?post=1322"}],"curies":[{"name":"wp","href":"https:\/\/api.w.org\/{rel}","templated":true}]}}