{"id":1025,"date":"2016-05-13T11:07:57","date_gmt":"2016-05-13T09:07:57","guid":{"rendered":"http:\/\/www.leshautesardennes.be\/sah\/?p=1025"},"modified":"2016-05-13T11:07:57","modified_gmt":"2016-05-13T09:07:57","slug":"les-enfants-de-5eme-primaire-de-lecole-saint-joseph-en-visite-a-lasbl-les-hautes-ardennes","status":"publish","type":"post","link":"https:\/\/www.leshautesardennes.be\/sah\/2016\/05\/13\/les-enfants-de-5eme-primaire-de-lecole-saint-joseph-en-visite-a-lasbl-les-hautes-ardennes\/","title":{"rendered":"Les enfants de 5\u00e8me primaire de l\u2019\u00e9cole Saint-Joseph en visite \u00e0 l&rsquo;ASBL Les Hautes Ardennes"},"content":{"rendered":"<p style=\"text-align: center\">Ce mercredi 11 mai, les \u00e9l\u00e8ves de 5\u00e8me primaire de l\u2019\u00e9cole Saint-Joseph sont venus \u00e0 la d\u00e9couverte des activit\u00e9s du service d\u2019accueil de jour, propos\u00e9es aux personnes porteuses de handicap de l\u2019ASBL Les Hautes Ardennes.<\/p>\n<p><a href=\"http:\/\/www.leshautesardennes.be\/sah\/files\/2016\/05\/IMG_1326-Copier3.jpg\"><img loading=\"lazy\" decoding=\"async\" class=\"size-full wp-image-1051 aligncenter\" src=\"http:\/\/www.leshautesardennes.be\/sah\/files\/2016\/05\/IMG_1326-Copier3.jpg\" alt=\"\" width=\"1068\" height=\"712\" srcset=\"https:\/\/www.leshautesardennes.be\/sah\/files\/2016\/05\/IMG_1326-Copier3.jpg 1068w, https:\/\/www.leshautesardennes.be\/sah\/files\/2016\/05\/IMG_1326-Copier3-300x200.jpg 300w, https:\/\/www.leshautesardennes.be\/sah\/files\/2016\/05\/IMG_1326-Copier3-1024x682.jpg 1024w\" sizes=\"auto, (max-width: 1068px) 100vw, 1068px\" \/><\/a><\/p>\n<p style=\"text-align: center\">Dans cette ambiance vivante et anim\u00e9e, ils ont pu ainsi participer \u00e0 l\u2019atelier \u00ab Kin-Ball \u00bb, sport de coop\u00e9ration dont l\u2019\u00e9l\u00e9ment principal est une balle d\u2019environ 1m de diam\u00e8tre. Les r\u00e9sidents se sont fait un plaisir de faire conna\u00eetre\u00a0 ce sport original aux enfants ; fous-rires garantis !<\/p>\n<p style=\"text-align: center\">Ensuite, c\u2019\u00e9tait au tour de l\u2019activit\u00e9 \u00ab\u00a0Doigts Magiques\u00a0\u00bb de proposer la r\u00e9alisation collective d\u2019une d\u00e9licieuse tarte \u00e0 la rhubarbe. Toujours aid\u00e9s des petites mains des \u00e9l\u00e8ves, les r\u00e9sidents ont pr\u00e9sent\u00e9 avec fiert\u00e9 leur savoureux dessert.<\/p>\n<p style=\"text-align: center\"><a href=\"http:\/\/www.leshautesardennes.be\/sah\/files\/2016\/05\/IMG_4962-Copier2.jpg\"><img loading=\"lazy\" decoding=\"async\" class=\"aligncenter\" style=\"width: 310px;height: 396px\" src=\"http:\/\/www.leshautesardennes.be\/sah\/files\/2016\/05\/IMG_4962-Copier2-e1463128954450.jpg\" alt=\"\" width=\"611\" height=\"815\" \/><\/a>\u00a0 <a href=\"http:\/\/www.leshautesardennes.be\/sah\/files\/2016\/05\/IMG_4960-Copier.jpg\"><img loading=\"lazy\" decoding=\"async\" style=\"width: 263px;height: 320px\" src=\"http:\/\/www.leshautesardennes.be\/sah\/files\/2016\/05\/IMG_4960-Copier-e1463129853812.jpg\" alt=\"\" width=\"611\" height=\"415\" \/><\/a><\/p>\n<p><a href=\"http:\/\/www.leshautesardennes.be\/sah\/files\/2016\/05\/IMG_1324-Copier3.jpg\"><img loading=\"lazy\" decoding=\"async\" class=\"aligncenter\" style=\"width: 297px;height: 222px\" src=\"http:\/\/www.leshautesardennes.be\/sah\/files\/2016\/05\/IMG_1324-Copier3-1024x682.jpg\" alt=\"\" width=\"640\" height=\"426\" \/><\/a>\u00a0<a href=\"http:\/\/www.leshautesardennes.be\/sah\/files\/2016\/05\/IMG_4966-Copier1.jpg\"><img loading=\"lazy\" decoding=\"async\" class=\"wp-image-1052 aligncenter\" style=\"width: 322px;height: 230px\" src=\"http:\/\/www.leshautesardennes.be\/sah\/files\/2016\/05\/IMG_4966-Copier1.jpg\" alt=\"\" width=\"816\" height=\"453\" \/><\/a><\/p>\n<p style=\"text-align: center\">Enfin, c\u2019est dans l\u2019activit\u00e9 \u00ab\u00a0Cr\u00e9a-Recycle\u00a0\u00bb que les enfants, toujours accompagn\u00e9s des r\u00e9sidents, ont cr\u00e9\u00e9 par groupe de deux, des sets de bureau originaux issus de leur collaboration et de leur imagination.<\/p>\n<p><a href=\"http:\/\/www.leshautesardennes.be\/sah\/files\/2016\/05\/IMG_1303-Copier2.jpg\"><img loading=\"lazy\" decoding=\"async\" class=\"wp-image-1041 aligncenter\" style=\"width: 319px;height: 207px\" src=\"http:\/\/www.leshautesardennes.be\/sah\/files\/2016\/05\/IMG_1303-Copier2-1024x682.jpg\" alt=\"\" width=\"640\" height=\"270\" \/><\/a>\u00a0\u00a0<a href=\"http:\/\/www.leshautesardennes.be\/sah\/files\/2016\/05\/IMG_1311-Copier1.jpg\"><img loading=\"lazy\" decoding=\"async\" class=\"wp-image-1042 aligncenter\" style=\"width: 312px;height: 206px\" src=\"http:\/\/www.leshautesardennes.be\/sah\/files\/2016\/05\/IMG_1311-Copier1-1024x682.jpg\" alt=\"\" width=\"640\" height=\"334\" \/><\/a><\/p>\n<p><a href=\"http:\/\/www.leshautesardennes.be\/sah\/files\/2016\/05\/IMG_1318-Copier.jpg\"><img loading=\"lazy\" decoding=\"async\" class=\"wp-image-1043 aligncenter\" style=\"width: 316px;height: 195px\" src=\"http:\/\/www.leshautesardennes.be\/sah\/files\/2016\/05\/IMG_1318-Copier-1024x682.jpg\" alt=\"\" width=\"640\" height=\"358\" \/><\/a>\u00a0 <a href=\"http:\/\/www.leshautesardennes.be\/sah\/files\/2016\/05\/IMG_1307-Copier.jpg\"><img loading=\"lazy\" decoding=\"async\" class=\"wp-image-1046 aligncenter\" style=\"width: 315px;height: 198px\" src=\"http:\/\/www.leshautesardennes.be\/sah\/files\/2016\/05\/IMG_1307-Copier-1024x682.jpg\" alt=\"\" width=\"640\" height=\"280\" \/><\/a><\/p>\n<p style=\"text-align: center\">En r\u00e9sum\u00e9, cette exp\u00e9rience tr\u00e8s appr\u00e9ci\u00e9e de tous laisse dans les m\u00e9moires le souvenir d\u2019un moment de partage et de rires intenses.<\/p>\n<p>&nbsp;<\/p>\n<p>&nbsp;<\/p>\n<p>&nbsp;<\/p>\n<table cellspacing=\"0\" cellpadding=\"0\">\n<tbody>\n<tr>\n<td width=\"115\" height=\"120\">\n<table width=\"100%\" cellspacing=\"0\" cellpadding=\"0\">\n<tbody>\n<tr>\n<td>\n<div>\n<p>&nbsp;<\/p>\n<\/div>\n<\/td>\n<\/tr>\n<\/tbody>\n<\/table>\n<\/td>\n<\/tr>\n<\/tbody>\n<\/table>\n<p>&nbsp;<\/p>\n","protected":false},"excerpt":{"rendered":"<p>Ce mercredi 11 mai, les \u00e9l\u00e8ves de 5\u00e8me primaire de l\u2019\u00e9cole Saint-Joseph sont venus \u00e0 la d\u00e9couverte des activit\u00e9s du service d\u2019accueil de jour, propos\u00e9es aux personnes porteuses de handicap de l\u2019ASBL Les Hautes Ardennes. Dans cette ambiance vivante et &hellip; <a href=\"https:\/\/www.leshautesardennes.be\/sah\/2016\/05\/13\/les-enfants-de-5eme-primaire-de-lecole-saint-joseph-en-visite-a-lasbl-les-hautes-ardennes\/\">Continuer la lecture <span class=\"meta-nav\">&rarr;<\/span><\/a><\/p>\n","protected":false},"author":8,"featured_media":0,"comment_status":"closed","ping_status":"open","sticky":false,"template":"","format":"standard","meta":{"_acf_changed":false,"footnotes":""},"categories":[1],"tags":[],"class_list":["post-1025","post","type-post","status-publish","format-standard","hentry","category-non-classe"],"acf":[],"_links":{"self":[{"href":"https:\/\/www.leshautesardennes.be\/sah\/wp-json\/wp\/v2\/posts\/1025","targetHints":{"allow":["GET"]}}],"collection":[{"href":"https:\/\/www.leshautesardennes.be\/sah\/wp-json\/wp\/v2\/posts"}],"about":[{"href":"https:\/\/www.leshautesardennes.be\/sah\/wp-json\/wp\/v2\/types\/post"}],"author":[{"embeddable":true,"href":"https:\/\/www.leshautesardennes.be\/sah\/wp-json\/wp\/v2\/users\/8"}],"replies":[{"embeddable":true,"href":"https:\/\/www.leshautesardennes.be\/sah\/wp-json\/wp\/v2\/comments?post=1025"}],"version-history":[{"count":9,"href":"https:\/\/www.leshautesardennes.be\/sah\/wp-json\/wp\/v2\/posts\/1025\/revisions"}],"predecessor-version":[{"id":1058,"href":"https:\/\/www.leshautesardennes.be\/sah\/wp-json\/wp\/v2\/posts\/1025\/revisions\/1058"}],"wp:attachment":[{"href":"https:\/\/www.leshautesardennes.be\/sah\/wp-json\/wp\/v2\/media?parent=1025"}],"wp:term":[{"taxonomy":"category","embeddable":true,"href":"https:\/\/www.leshautesardennes.be\/sah\/wp-json\/wp\/v2\/categories?post=1025"},{"taxonomy":"post_tag","embeddable":true,"href":"https:\/\/www.leshautesardennes.be\/sah\/wp-json\/wp\/v2\/tags?post=1025"}],"curies":[{"name":"wp","href":"https:\/\/api.w.org\/{rel}","templated":true}]}}