{"id":1016,"date":"2016-05-11T08:35:50","date_gmt":"2016-05-11T06:35:50","guid":{"rendered":"http:\/\/www.leshautesardennes.be\/sah\/?p=1016"},"modified":"2016-05-11T08:35:57","modified_gmt":"2016-05-11T06:35:57","slug":"bilan-de-loperation-communes-rivieres-propres-2016-avec-les-rangers","status":"publish","type":"post","link":"https:\/\/www.leshautesardennes.be\/sah\/2016\/05\/11\/bilan-de-loperation-communes-rivieres-propres-2016-avec-les-rangers\/","title":{"rendered":"Bilan de l&rsquo;op\u00e9ration \u00ab\u00a0Communes &amp; Rivi\u00e8res Propres\u00a0\u00bb 2016 avec les RANGERS"},"content":{"rendered":"<div>\n<p><span style=\"font-size: medium\">Comme chaque ann\u00e9e depuis plus de 10 ans, les Rangers ont particip\u00e9 durant ce mois d\u2019avril 2016 \u00e0 l&rsquo;op\u00e9ration \u00ab\u00a0Communes et Rivi\u00e8res Propres\u00a0\u00bb organis\u00e9e par la Commune de Vielsalm, Pure Province et le Contrat de Rivi\u00e8re de l&rsquo;Ambl\u00e8ve.<\/span><\/p>\n<p><span style=\"font-size: medium\">Cette fois encore, l\u2019initiative collective ne f\u00fbt pas de tout repos! <\/span><br \/>\n<span style=\"font-size: medium\"> Et pour cause: nos courageux b\u00e9n\u00e9voles ont ramass\u00e9 pas moins de<strong><span style=\"color: #ff0000\"> 883kg<\/span><\/strong> de d\u00e9chets !<\/span><\/p>\n<p><span style=\"font-size: medium\"><a href=\"http:\/\/www.leshautesardennes.be\/sah\/files\/2016\/05\/communesetrivierespropres.jpg\"><img loading=\"lazy\" decoding=\"async\" class=\"alignleft size-full wp-image-1018\" src=\"http:\/\/www.leshautesardennes.be\/sah\/files\/2016\/05\/communesetrivierespropres.jpg\" alt=\"\" width=\"640\" height=\"480\" srcset=\"https:\/\/www.leshautesardennes.be\/sah\/files\/2016\/05\/communesetrivierespropres.jpg 640w, https:\/\/www.leshautesardennes.be\/sah\/files\/2016\/05\/communesetrivierespropres-300x225.jpg 300w\" sizes=\"auto, (max-width: 640px) 100vw, 640px\" \/><\/a><\/span><\/p>\n<p>&nbsp;<\/p>\n<div>\n<p><span style=\"font-size: medium\">Lors du tri s\u00e9lectif de ces ordures, ils ont rempli :<\/span><br \/>\n<span style=\"font-size: medium\"> 8 sacs bleus pour les plastiques<\/span><br \/>\n<span style=\"font-size: medium\"> 9 sacs verts pour les d\u00e9chets en verre<\/span><br \/>\n<span style=\"font-size: medium\"> 10 sacs rouges d\u2019emballages m\u00e9talliques<\/span><br \/>\n<span style=\"font-size: medium\"> 18 sacs gris pour les d\u00e9chets tout-venants<\/span><\/p>\n<p><span style=\"font-size: medium\">\u2026ainsi que <strong>quelques m\u00b3<\/strong> de d\u00e9chets encombrants !<\/span><\/p>\n<p><span style=\"font-size: medium\">F\u00e9licitons-les encore une fois pour cet exploit! <\/span><\/p>\n<\/div>\n<\/div>\n","protected":false},"excerpt":{"rendered":"<p>Comme chaque ann\u00e9e depuis plus de 10 ans, les Rangers ont particip\u00e9 durant ce mois d\u2019avril 2016 \u00e0 l&rsquo;op\u00e9ration \u00ab\u00a0Communes et Rivi\u00e8res Propres\u00a0\u00bb organis\u00e9e par la Commune de Vielsalm, Pure Province et le Contrat de Rivi\u00e8re de l&rsquo;Ambl\u00e8ve. Cette fois &hellip; <a href=\"https:\/\/www.leshautesardennes.be\/sah\/2016\/05\/11\/bilan-de-loperation-communes-rivieres-propres-2016-avec-les-rangers\/\">Continuer la lecture <span class=\"meta-nav\">&rarr;<\/span><\/a><\/p>\n","protected":false},"author":8,"featured_media":0,"comment_status":"closed","ping_status":"open","sticky":false,"template":"","format":"standard","meta":{"_acf_changed":false,"footnotes":""},"categories":[1],"tags":[],"class_list":["post-1016","post","type-post","status-publish","format-standard","hentry","category-non-classe"],"acf":[],"_links":{"self":[{"href":"https:\/\/www.leshautesardennes.be\/sah\/wp-json\/wp\/v2\/posts\/1016","targetHints":{"allow":["GET"]}}],"collection":[{"href":"https:\/\/www.leshautesardennes.be\/sah\/wp-json\/wp\/v2\/posts"}],"about":[{"href":"https:\/\/www.leshautesardennes.be\/sah\/wp-json\/wp\/v2\/types\/post"}],"author":[{"embeddable":true,"href":"https:\/\/www.leshautesardennes.be\/sah\/wp-json\/wp\/v2\/users\/8"}],"replies":[{"embeddable":true,"href":"https:\/\/www.leshautesardennes.be\/sah\/wp-json\/wp\/v2\/comments?post=1016"}],"version-history":[{"count":7,"href":"https:\/\/www.leshautesardennes.be\/sah\/wp-json\/wp\/v2\/posts\/1016\/revisions"}],"predecessor-version":[{"id":1024,"href":"https:\/\/www.leshautesardennes.be\/sah\/wp-json\/wp\/v2\/posts\/1016\/revisions\/1024"}],"wp:attachment":[{"href":"https:\/\/www.leshautesardennes.be\/sah\/wp-json\/wp\/v2\/media?parent=1016"}],"wp:term":[{"taxonomy":"category","embeddable":true,"href":"https:\/\/www.leshautesardennes.be\/sah\/wp-json\/wp\/v2\/categories?post=1016"},{"taxonomy":"post_tag","embeddable":true,"href":"https:\/\/www.leshautesardennes.be\/sah\/wp-json\/wp\/v2\/tags?post=1016"}],"curies":[{"name":"wp","href":"https:\/\/api.w.org\/{rel}","templated":true}]}}