{"id":1004,"date":"2016-05-03T12:07:31","date_gmt":"2016-05-03T10:07:31","guid":{"rendered":"http:\/\/www.leshautesardennes.be\/sah\/?p=1004"},"modified":"2016-05-03T12:07:31","modified_gmt":"2016-05-03T10:07:31","slug":"excursion-a-remouchamps","status":"publish","type":"post","link":"https:\/\/www.leshautesardennes.be\/sah\/2016\/05\/03\/excursion-a-remouchamps\/","title":{"rendered":"Excursion \u00e0 Remouchamps"},"content":{"rendered":"<p style=\"text-align: center\" align=\"LEFT\"><span style=\"color: #000080;font-size: medium\"><em>\u00ab\u00a0Le 21 mars dernier, le groupe \u00ab Activit\u00e9 Balade \u00bb a particip\u00e9 \u00e0 son excursion de printemps avec, en point de mire, une activit\u00e9 sportive : la visite des grottes. Tout au long des 800m \u00e0 pied, nous avons pu, \u00e0 notre rythme, gravir 400 marches dans ce milieu inhabituel, le tout suivi par 700m de navigation souterraine.\u00a0\u00bb<\/em><\/span><\/p>\n<p style=\"text-align: center\" align=\"LEFT\"><span style=\"font-size: medium\"><em><\/em><span style=\"font-size: medium\"><em><a href=\"http:\/\/www.leshautesardennes.be\/sah\/files\/2016\/05\/IMG_0767.jpg\"><img loading=\"lazy\" decoding=\"async\" class=\"size-large wp-image-1005 alignnone\" src=\"http:\/\/www.leshautesardennes.be\/sah\/files\/2016\/05\/IMG_0767-1024x600.jpg\" alt=\"\" width=\"640\" height=\"375\" srcset=\"https:\/\/www.leshautesardennes.be\/sah\/files\/2016\/05\/IMG_0767-1024x600.jpg 1024w, https:\/\/www.leshautesardennes.be\/sah\/files\/2016\/05\/IMG_0767-300x175.jpg 300w\" sizes=\"auto, (max-width: 640px) 100vw, 640px\" \/><\/a><\/em><\/span><\/span><\/p>\n<p style=\"text-align: center\" align=\"LEFT\"><span style=\"color: #000080\"><em>\u00ab\u00a0Douze de nos b\u00e9n\u00e9ficiaires \u00e9taient pr\u00e9sents mais pas seuleme<\/em><em>nt ; six jeunes gens d\u2019origine afghane ont r\u00e9pondu pr\u00e9sents \u00e0 notre proposition d\u2019excursion. Ces jeunes MENA (Mineurs d\u2019Age Non-Accompagn\u00e9s) sont h\u00e9berg\u00e9s depuis le mois de d\u00e9cembre 2015 au centre Croix-Rouge de la Baraque de Fraiture.<\/em><\/span><\/p>\n<p style=\"text-align: center\"><span style=\"color: #000080\"><em>La pr\u00e9sence de leur accompagnateur-interpr\u00e8te a permis une bonne communication et a pu permettre quelques \u00e9changes. Nous avons m\u00eame eu la surprise de voir un de nos b\u00e9n\u00e9ficiaires s\u2019essayer \u00e0 quelques mots d\u2019anglais !<\/em><\/span><\/p>\n<p style=\"text-align: center\"><span style=\"color: #000080\"><em>Une belle exp\u00e9rience\u2026<\/em><\/span><\/p>\n<p style=\"text-align: center\"><span style=\"color: #000080\"><em>En r\u00e9sum\u00e9, une journ\u00e9e int\u00e9ressante et agr\u00e9able pour tous.\u00a0\u00bb<\/em><\/span><\/p>\n<p style=\"text-align: right\"><span style=\"color: #000080\"><em>L&rsquo;\u00e9quipe \u00e9ducative<\/em><\/span><\/p>\n<p>&nbsp;<\/p>\n<p>&nbsp;<\/p>\n","protected":false},"excerpt":{"rendered":"<p>\u00ab\u00a0Le 21 mars dernier, le groupe \u00ab Activit\u00e9 Balade \u00bb a particip\u00e9 \u00e0 son excursion de printemps avec, en point de mire, une activit\u00e9 sportive : la visite des grottes. Tout au long des 800m \u00e0 pied, nous avons pu, &hellip; <a href=\"https:\/\/www.leshautesardennes.be\/sah\/2016\/05\/03\/excursion-a-remouchamps\/\">Continuer la lecture <span class=\"meta-nav\">&rarr;<\/span><\/a><\/p>\n","protected":false},"author":8,"featured_media":0,"comment_status":"closed","ping_status":"open","sticky":false,"template":"","format":"standard","meta":{"_acf_changed":false,"footnotes":""},"categories":[1],"tags":[],"class_list":["post-1004","post","type-post","status-publish","format-standard","hentry","category-non-classe"],"acf":[],"_links":{"self":[{"href":"https:\/\/www.leshautesardennes.be\/sah\/wp-json\/wp\/v2\/posts\/1004","targetHints":{"allow":["GET"]}}],"collection":[{"href":"https:\/\/www.leshautesardennes.be\/sah\/wp-json\/wp\/v2\/posts"}],"about":[{"href":"https:\/\/www.leshautesardennes.be\/sah\/wp-json\/wp\/v2\/types\/post"}],"author":[{"embeddable":true,"href":"https:\/\/www.leshautesardennes.be\/sah\/wp-json\/wp\/v2\/users\/8"}],"replies":[{"embeddable":true,"href":"https:\/\/www.leshautesardennes.be\/sah\/wp-json\/wp\/v2\/comments?post=1004"}],"version-history":[{"count":9,"href":"https:\/\/www.leshautesardennes.be\/sah\/wp-json\/wp\/v2\/posts\/1004\/revisions"}],"predecessor-version":[{"id":1014,"href":"https:\/\/www.leshautesardennes.be\/sah\/wp-json\/wp\/v2\/posts\/1004\/revisions\/1014"}],"wp:attachment":[{"href":"https:\/\/www.leshautesardennes.be\/sah\/wp-json\/wp\/v2\/media?parent=1004"}],"wp:term":[{"taxonomy":"category","embeddable":true,"href":"https:\/\/www.leshautesardennes.be\/sah\/wp-json\/wp\/v2\/categories?post=1004"},{"taxonomy":"post_tag","embeddable":true,"href":"https:\/\/www.leshautesardennes.be\/sah\/wp-json\/wp\/v2\/tags?post=1004"}],"curies":[{"name":"wp","href":"https:\/\/api.w.org\/{rel}","templated":true}]}}