{"id":720,"date":"2021-08-05T17:09:29","date_gmt":"2021-08-05T15:09:29","guid":{"rendered":"https:\/\/www.leshautesardennes.be\/eta\/?p=720"},"modified":"2021-08-05T17:09:29","modified_gmt":"2021-08-05T15:09:29","slug":"opal-systems-le-chauffage-par-le-sol-reactif","status":"publish","type":"post","link":"https:\/\/www.leshautesardennes.be\/eta\/2021\/08\/05\/opal-systems-le-chauffage-par-le-sol-reactif\/","title":{"rendered":"OPAL SYSTEMS: Le chauffage par le sol r\u00e9actif"},"content":{"rendered":"<p>L&rsquo;ASBL Les Hautes Ardennes met son savoir-faire au service d&rsquo;Opal Systems<\/p>\n<p>Depuis son apparition en 2009, OPAL-Systems s\u2019est impos\u00e9 comme la r\u00e9f\u00e9rence en mati\u00e8re de chauffage par le sol r\u00e9actif. Ses avantages, notamment en terme d\u2019encombrement et de r\u00e9activit\u00e9, en font \u00e0 ce jour l\u2019une des solutions les plus confortables et flexibles, quel que soit votre projet d\u2019habitation.<\/p>\n<div class=\"icon-titre\">\n<h2><\/h2>\n<\/div>\n<h3>OPAL-Systems S.A.<\/h3>\n<p>127, Avenue de Mersch,<br \/>\nB-6700 Arlon<\/p>\n<p><strong>T. <a href=\"tel:0032496826434\">+32 496 82 64 34<\/a><\/strong><\/p>\n<p><strong>E. <a href=\"mailto:info@opal-systems.be\">info@opal-systems.be<\/a><\/strong><\/p>\n<div id=\"ConnectiveDocSignExtentionInstalled\" data-extension-version=\"1.0.4\"><\/div>\n","protected":false},"excerpt":{"rendered":"<p>L&rsquo;ASBL Les Hautes Ardennes met son savoir-faire au service d&rsquo;Opal Systems Depuis son apparition en 2009, OPAL-Systems s\u2019est impos\u00e9 comme la r\u00e9f\u00e9rence en mati\u00e8re de chauffage par le sol r\u00e9actif. Ses avantages, notamment en terme d\u2019encombrement et de r\u00e9activit\u00e9, en &hellip; <a href=\"https:\/\/www.leshautesardennes.be\/eta\/2021\/08\/05\/opal-systems-le-chauffage-par-le-sol-reactif\/\">Continuer la lecture <span class=\"meta-nav\">&rarr;<\/span><\/a><\/p>\n","protected":false},"author":8,"featured_media":0,"comment_status":"closed","ping_status":"open","sticky":false,"template":"","format":"standard","meta":{"_acf_changed":false,"footnotes":""},"categories":[1],"tags":[],"class_list":["post-720","post","type-post","status-publish","format-standard","hentry","category-non-classe"],"acf":[],"_links":{"self":[{"href":"https:\/\/www.leshautesardennes.be\/eta\/wp-json\/wp\/v2\/posts\/720","targetHints":{"allow":["GET"]}}],"collection":[{"href":"https:\/\/www.leshautesardennes.be\/eta\/wp-json\/wp\/v2\/posts"}],"about":[{"href":"https:\/\/www.leshautesardennes.be\/eta\/wp-json\/wp\/v2\/types\/post"}],"author":[{"embeddable":true,"href":"https:\/\/www.leshautesardennes.be\/eta\/wp-json\/wp\/v2\/users\/8"}],"replies":[{"embeddable":true,"href":"https:\/\/www.leshautesardennes.be\/eta\/wp-json\/wp\/v2\/comments?post=720"}],"version-history":[{"count":1,"href":"https:\/\/www.leshautesardennes.be\/eta\/wp-json\/wp\/v2\/posts\/720\/revisions"}],"predecessor-version":[{"id":721,"href":"https:\/\/www.leshautesardennes.be\/eta\/wp-json\/wp\/v2\/posts\/720\/revisions\/721"}],"wp:attachment":[{"href":"https:\/\/www.leshautesardennes.be\/eta\/wp-json\/wp\/v2\/media?parent=720"}],"wp:term":[{"taxonomy":"category","embeddable":true,"href":"https:\/\/www.leshautesardennes.be\/eta\/wp-json\/wp\/v2\/categories?post=720"},{"taxonomy":"post_tag","embeddable":true,"href":"https:\/\/www.leshautesardennes.be\/eta\/wp-json\/wp\/v2\/tags?post=720"}],"curies":[{"name":"wp","href":"https:\/\/api.w.org\/{rel}","templated":true}]}}