{"id":546,"date":"2015-06-16T08:42:25","date_gmt":"2015-06-16T06:42:25","guid":{"rendered":"http:\/\/www.leshautesardennes.be\/eta\/?p=546"},"modified":"2021-08-05T16:45:17","modified_gmt":"2021-08-05T14:45:17","slug":"parcs-et-jardins-pour-les-particuliers-et-les-entreprises","status":"publish","type":"post","link":"https:\/\/www.leshautesardennes.be\/eta\/2015\/06\/16\/parcs-et-jardins-pour-les-particuliers-et-les-entreprises\/","title":{"rendered":"\u00ab\u00a0Parcs et jardins\u00a0\u00bb pour les particuliers et les entreprises"},"content":{"rendered":"<p><a href=\"http:\/\/www.leshautesardennes.be\/eta\/files\/2015\/06\/robin-3.jpg\"><img loading=\"lazy\" decoding=\"async\" class=\"wp-image-550 alignleft\" style=\"width: 148px;height: 181px\" src=\"http:\/\/www.leshautesardennes.be\/eta\/files\/2015\/06\/robin-3.jpg\" alt=\"\" width=\"206\" height=\"274\" \/><\/a><a href=\"http:\/\/www.leshautesardennes.be\/eta\/files\/2015\/06\/robin2.jpg\"><img loading=\"lazy\" decoding=\"async\" class=\"wp-image-549 alignnone\" style=\"width: 190px;height: 195px\" src=\"http:\/\/www.leshautesardennes.be\/eta\/files\/2015\/06\/robin2.jpg\" alt=\"\" width=\"206\" height=\"101\" \/><\/a><a href=\"http:\/\/www.leshautesardennes.be\/eta\/files\/2015\/06\/robin-12.jpg\"><img loading=\"lazy\" decoding=\"async\" class=\"wp-image-548 alignright\" style=\"width: 202px;height: 163px\" src=\"http:\/\/www.leshautesardennes.be\/eta\/files\/2015\/06\/robin-12.jpg\" alt=\"\" width=\"206\" height=\"91\" \/><\/a><\/p>\n<p style=\"text-align: center\">Le beau temps et la chaleur sont au rendez-vous.<\/p>\n<p>Les particuliers, vous avez envie de profiter de votre jardin, de barboter dans la piscine, d&rsquo;inviter vos amis autour d&rsquo;un bon barbecue.<\/p>\n<p>Les entreprises, vous avez envie d&rsquo;am\u00e9nager les abords de vos b\u00e2timents, de pr\u00e9senter des ext\u00e9rieurs impeccables \u00e0 vos clients, de pr\u00e9voir un drink pour votre personnel dehors avant les vacances.<a href=\"http:\/\/www.leshautesardennes.be\/eta\/files\/2015\/06\/robin-4.jpg\"><img loading=\"lazy\" decoding=\"async\" class=\"aligncenter\" style=\"width: 205px;height: 156px\" src=\"http:\/\/www.leshautesardennes.be\/eta\/files\/2015\/06\/robin-4.jpg\" alt=\"\" width=\"274\" height=\"206\" \/><\/a><\/p>\n<p>Mais voil\u00e0, vous n&rsquo;avez pas le temps, pas la main verte, pas le mat\u00e9riel ad\u00e9quat, pas le physique pour vous occuper de vos ext\u00e9rieurs.<\/p>\n<p><a href=\"http:\/\/www.leshautesardennes.be\/eta\/files\/2015\/06\/robin-5.jpg\"><img loading=\"lazy\" decoding=\"async\" class=\"aligncenter\" src=\"http:\/\/www.leshautesardennes.be\/eta\/files\/2015\/06\/robin-5.jpg\" alt=\"\" width=\"274\" height=\"206\" \/><\/a><\/p>\n<p>N&rsquo;h\u00e9sitez pas, faites appel \u00e0 l&rsquo;\u00e9quipe de \u00ab\u00a0Parcs et jardins\u00a0\u00bb de l&rsquo;Entreprise de Travail Adapt\u00e9 de l&rsquo;asbl \u00ab\u00a0Les Hautes Ardennes\u00a0\u00bb.<\/p>\n<p>Des prix int\u00e9ressants, des devis sur demande, une \u00e9quipe jeune et motiv\u00e9e pr\u00eate \u00e0 accomplir vos diff\u00e9rents travaux.<\/p>\n<p>Infos et renseignements : Philippe Bosman 0485 64 93 81.<\/p>\n<div id=\"ConnectiveDocSignExtentionInstalled\" data-extension-version=\"1.0.4\"><\/div>\n","protected":false},"excerpt":{"rendered":"<p>Le beau temps et la chaleur sont au rendez-vous. Les particuliers, vous avez envie de profiter de votre jardin, de barboter dans la piscine, d&rsquo;inviter vos amis autour d&rsquo;un bon barbecue. Les entreprises, vous avez envie d&rsquo;am\u00e9nager les abords de &hellip; <a href=\"https:\/\/www.leshautesardennes.be\/eta\/2015\/06\/16\/parcs-et-jardins-pour-les-particuliers-et-les-entreprises\/\">Continuer la lecture <span class=\"meta-nav\">&rarr;<\/span><\/a><\/p>\n","protected":false},"author":8,"featured_media":0,"comment_status":"closed","ping_status":"open","sticky":false,"template":"","format":"standard","meta":{"_acf_changed":false,"footnotes":""},"categories":[1],"tags":[],"class_list":["post-546","post","type-post","status-publish","format-standard","hentry","category-non-classe"],"acf":[],"_links":{"self":[{"href":"https:\/\/www.leshautesardennes.be\/eta\/wp-json\/wp\/v2\/posts\/546","targetHints":{"allow":["GET"]}}],"collection":[{"href":"https:\/\/www.leshautesardennes.be\/eta\/wp-json\/wp\/v2\/posts"}],"about":[{"href":"https:\/\/www.leshautesardennes.be\/eta\/wp-json\/wp\/v2\/types\/post"}],"author":[{"embeddable":true,"href":"https:\/\/www.leshautesardennes.be\/eta\/wp-json\/wp\/v2\/users\/8"}],"replies":[{"embeddable":true,"href":"https:\/\/www.leshautesardennes.be\/eta\/wp-json\/wp\/v2\/comments?post=546"}],"version-history":[{"count":8,"href":"https:\/\/www.leshautesardennes.be\/eta\/wp-json\/wp\/v2\/posts\/546\/revisions"}],"predecessor-version":[{"id":719,"href":"https:\/\/www.leshautesardennes.be\/eta\/wp-json\/wp\/v2\/posts\/546\/revisions\/719"}],"wp:attachment":[{"href":"https:\/\/www.leshautesardennes.be\/eta\/wp-json\/wp\/v2\/media?parent=546"}],"wp:term":[{"taxonomy":"category","embeddable":true,"href":"https:\/\/www.leshautesardennes.be\/eta\/wp-json\/wp\/v2\/categories?post=546"},{"taxonomy":"post_tag","embeddable":true,"href":"https:\/\/www.leshautesardennes.be\/eta\/wp-json\/wp\/v2\/tags?post=546"}],"curies":[{"name":"wp","href":"https:\/\/api.w.org\/{rel}","templated":true}]}}